{"id":373,"date":"2024-04-04T08:33:14","date_gmt":"2024-04-04T08:33:14","guid":{"rendered":"https:\/\/plazadetorosdesantander.com\/the-santander-fair-will-be-broadcasted-in-99-countries\/"},"modified":"2024-04-08T14:22:05","modified_gmt":"2024-04-08T14:22:05","slug":"the-santander-fair-will-be-broadcasted-in-99-countries","status":"publish","type":"post","link":"https:\/\/plazadetorosdesantander.com\/en\/the-santander-fair-will-be-broadcasted-in-99-countries\/","title":{"rendered":"The Santander fair will be broadcasted in 99 countries"},"content":{"rendered":"<section class=\"l-section wpb_row height_medium\"><div class=\"l-section-h i-cf\"><div class=\"g-cols vc_row via_grid cols_1 laptops-cols_inherit tablets-cols_inherit mobiles-cols_1 valign_top type_default stacking_default\"><div class=\"wpb_column vc_column_container\"><div class=\"vc_column-inner\"><div class=\"wpb_text_column\"><div class=\"wpb_wrapper\"><p>The businessman of Lances de Futuro Jos\u00e9 Mar\u00eda Garz\u00f3n has announced this afternoon that the Feria de Santander 2024 will be broadcast in full and exclusively through the digital platform OneToro TV.<br \/>\n&#8220;In this way Santander will be part of the circuit of the great fairs of the season along with Seville, Madrid and Pamplona. It is great news because this fair can be followed in 99 countries and will not only be a bullfighting showcase, but to show all the tourist attractions that encloses a city as beautiful as Santander,&#8221; said the Sevillian businessman.<\/p>\n<p>&#8220;We are talking that the Bullfighting Fair of Santiago will have an international projection with spectators from countries such as Mexico, Colombia, Peru, Venezuela and the USA, without forgetting the Asian countries that are so interested in learning about bullfighting&#8221;.<\/p>\n<p>Garz\u00f3n stressed that this news is the rubric to all the effort made these three years at the helm of the management of the Santander bullring, &#8220;we made an effort giving bulls in full pandemic, we have managed to increase the number of spectators each season and managed to consolidate Santander as the great Fair of the North.<\/p>\n<p>The businessman of Lances de Futuro has had words of thanks to the mayoress of Santander, Gema Igual, and her team of the City Council for the support shown since the arrival of Lances de Futuro, &#8220;without forgetting the Board of Directors of the square, the pe\u00f1as and the fans in general, without them it would have been impossible&#8221;.<\/p>\n<\/div><\/div><\/div><\/div><\/div><\/div><\/section>\n","protected":false},"excerpt":{"rendered":"The businessman of Lances de Futuro Jos\u00e9 Mar\u00eda Garz\u00f3n has announced this afternoon that the Feria de Santander 2024 will be broadcast in full and exclusively through the digital platform OneToro TV. &#8220;In this way Santander will be part of the circuit of the great fairs of the season along with Seville, Madrid and Pamplona....","protected":false},"author":2,"featured_media":201,"comment_status":"open","ping_status":"open","sticky":false,"template":"","format":"standard","meta":{"footnotes":""},"categories":[64],"tags":[],"class_list":["post-373","post","type-post","status-publish","format-standard","has-post-thumbnail","hentry","category-news"],"yoast_head":"<!-- This site is optimized with the Yoast SEO plugin v27.4 - https:\/\/yoast.com\/product\/yoast-seo-wordpress\/ -->\n<title>The Santander fair will be broadcasted in 99 countries - Plaza Toros Santander<\/title>\n<meta name=\"robots\" content=\"index, follow, max-snippet:-1, max-image-preview:large, max-video-preview:-1\" \/>\n<link rel=\"canonical\" href=\"https:\/\/plazadetorosdesantander.com\/en\/the-santander-fair-will-be-broadcasted-in-99-countries\/\" \/>\n<meta property=\"og:locale\" content=\"en_US\" \/>\n<meta property=\"og:type\" content=\"article\" \/>\n<meta property=\"og:title\" content=\"The Santander fair will be broadcasted in 99 countries - Plaza Toros Santander\" \/>\n<meta property=\"og:url\" content=\"https:\/\/plazadetorosdesantander.com\/en\/the-santander-fair-will-be-broadcasted-in-99-countries\/\" \/>\n<meta property=\"og:site_name\" content=\"Plaza Toros Santander\" \/>\n<meta property=\"article:published_time\" content=\"2024-04-04T08:33:14+00:00\" \/>\n<meta property=\"article:modified_time\" content=\"2024-04-08T14:22:05+00:00\" \/>\n<meta property=\"og:image\" content=\"https:\/\/plazadetorosdesantander.com\/wp-content\/uploads\/2024\/04\/Paseillo-1-1-1100x734-1.webp\" \/>\n\t<meta property=\"og:image:width\" content=\"850\" \/>\n\t<meta property=\"og:image:height\" content=\"567\" \/>\n\t<meta property=\"og:image:type\" content=\"image\/webp\" \/>\n<meta name=\"author\" content=\"Javier\" \/>\n<meta name=\"twitter:card\" content=\"summary_large_image\" \/>\n<meta name=\"twitter:label1\" content=\"Written by\" \/>\n\t<meta name=\"twitter:data1\" content=\"Javier\" \/>\n\t<meta name=\"twitter:label2\" content=\"Est. reading time\" \/>\n\t<meta name=\"twitter:data2\" content=\"1 minute\" \/>\n<script type=\"application\/ld+json\" class=\"yoast-schema-graph\">{\"@context\":\"https:\\\/\\\/schema.org\",\"@graph\":[{\"@type\":\"Article\",\"@id\":\"https:\\\/\\\/plazadetorosdesantander.com\\\/en\\\/the-santander-fair-will-be-broadcasted-in-99-countries\\\/#article\",\"isPartOf\":{\"@id\":\"https:\\\/\\\/plazadetorosdesantander.com\\\/en\\\/the-santander-fair-will-be-broadcasted-in-99-countries\\\/\"},\"author\":{\"name\":\"Javier\",\"@id\":\"https:\\\/\\\/plazadetorosdesantander.com\\\/en\\\/#\\\/schema\\\/person\\\/6fb84d97b8d6f373cd1da4ba7192f0c5\"},\"headline\":\"The Santander fair will be broadcasted in 99 countries\",\"datePublished\":\"2024-04-04T08:33:14+00:00\",\"dateModified\":\"2024-04-08T14:22:05+00:00\",\"mainEntityOfPage\":{\"@id\":\"https:\\\/\\\/plazadetorosdesantander.com\\\/en\\\/the-santander-fair-will-be-broadcasted-in-99-countries\\\/\"},\"wordCount\":277,\"commentCount\":0,\"image\":{\"@id\":\"https:\\\/\\\/plazadetorosdesantander.com\\\/en\\\/the-santander-fair-will-be-broadcasted-in-99-countries\\\/#primaryimage\"},\"thumbnailUrl\":\"https:\\\/\\\/plazadetorosdesantander.com\\\/wp-content\\\/uploads\\\/2024\\\/04\\\/Paseillo-1-1-1100x734-1.webp\",\"articleSection\":[\"News\"],\"inLanguage\":\"en-US\",\"potentialAction\":[{\"@type\":\"CommentAction\",\"name\":\"Comment\",\"target\":[\"https:\\\/\\\/plazadetorosdesantander.com\\\/en\\\/the-santander-fair-will-be-broadcasted-in-99-countries\\\/#respond\"]}]},{\"@type\":\"WebPage\",\"@id\":\"https:\\\/\\\/plazadetorosdesantander.com\\\/en\\\/the-santander-fair-will-be-broadcasted-in-99-countries\\\/\",\"url\":\"https:\\\/\\\/plazadetorosdesantander.com\\\/en\\\/the-santander-fair-will-be-broadcasted-in-99-countries\\\/\",\"name\":\"The Santander fair will be broadcasted in 99 countries - Plaza Toros Santander\",\"isPartOf\":{\"@id\":\"https:\\\/\\\/plazadetorosdesantander.com\\\/en\\\/#website\"},\"primaryImageOfPage\":{\"@id\":\"https:\\\/\\\/plazadetorosdesantander.com\\\/en\\\/the-santander-fair-will-be-broadcasted-in-99-countries\\\/#primaryimage\"},\"image\":{\"@id\":\"https:\\\/\\\/plazadetorosdesantander.com\\\/en\\\/the-santander-fair-will-be-broadcasted-in-99-countries\\\/#primaryimage\"},\"thumbnailUrl\":\"https:\\\/\\\/plazadetorosdesantander.com\\\/wp-content\\\/uploads\\\/2024\\\/04\\\/Paseillo-1-1-1100x734-1.webp\",\"datePublished\":\"2024-04-04T08:33:14+00:00\",\"dateModified\":\"2024-04-08T14:22:05+00:00\",\"author\":{\"@id\":\"https:\\\/\\\/plazadetorosdesantander.com\\\/en\\\/#\\\/schema\\\/person\\\/6fb84d97b8d6f373cd1da4ba7192f0c5\"},\"breadcrumb\":{\"@id\":\"https:\\\/\\\/plazadetorosdesantander.com\\\/en\\\/the-santander-fair-will-be-broadcasted-in-99-countries\\\/#breadcrumb\"},\"inLanguage\":\"en-US\",\"potentialAction\":[{\"@type\":\"ReadAction\",\"target\":[\"https:\\\/\\\/plazadetorosdesantander.com\\\/en\\\/the-santander-fair-will-be-broadcasted-in-99-countries\\\/\"]}]},{\"@type\":\"ImageObject\",\"inLanguage\":\"en-US\",\"@id\":\"https:\\\/\\\/plazadetorosdesantander.com\\\/en\\\/the-santander-fair-will-be-broadcasted-in-99-countries\\\/#primaryimage\",\"url\":\"https:\\\/\\\/plazadetorosdesantander.com\\\/wp-content\\\/uploads\\\/2024\\\/04\\\/Paseillo-1-1-1100x734-1.webp\",\"contentUrl\":\"https:\\\/\\\/plazadetorosdesantander.com\\\/wp-content\\\/uploads\\\/2024\\\/04\\\/Paseillo-1-1-1100x734-1.webp\",\"width\":850,\"height\":567,\"caption\":\"bullfighters entrance in the bullring\"},{\"@type\":\"BreadcrumbList\",\"@id\":\"https:\\\/\\\/plazadetorosdesantander.com\\\/en\\\/the-santander-fair-will-be-broadcasted-in-99-countries\\\/#breadcrumb\",\"itemListElement\":[{\"@type\":\"ListItem\",\"position\":1,\"name\":\"Portada\",\"item\":\"https:\\\/\\\/plazadetorosdesantander.com\\\/en\\\/home\\\/\"},{\"@type\":\"ListItem\",\"position\":2,\"name\":\"The Santander fair will be broadcasted in 99 countries\"}]},{\"@type\":\"WebSite\",\"@id\":\"https:\\\/\\\/plazadetorosdesantander.com\\\/en\\\/#website\",\"url\":\"https:\\\/\\\/plazadetorosdesantander.com\\\/en\\\/\",\"name\":\"Plaza Toros Santander\",\"description\":\"P\u00e1gina oficial Plaza de Toros Santander\",\"potentialAction\":[{\"@type\":\"SearchAction\",\"target\":{\"@type\":\"EntryPoint\",\"urlTemplate\":\"https:\\\/\\\/plazadetorosdesantander.com\\\/en\\\/?s={search_term_string}\"},\"query-input\":{\"@type\":\"PropertyValueSpecification\",\"valueRequired\":true,\"valueName\":\"search_term_string\"}}],\"inLanguage\":\"en-US\"},{\"@type\":\"Person\",\"@id\":\"https:\\\/\\\/plazadetorosdesantander.com\\\/en\\\/#\\\/schema\\\/person\\\/6fb84d97b8d6f373cd1da4ba7192f0c5\",\"name\":\"Javier\",\"image\":{\"@type\":\"ImageObject\",\"inLanguage\":\"en-US\",\"@id\":\"https:\\\/\\\/plazadetorosdesantander.com\\\/wp-content\\\/litespeed\\\/avatar\\\/784dc806a7d23845afc4e9cc8c15fe87.jpg?ver=1776882754\",\"url\":\"https:\\\/\\\/plazadetorosdesantander.com\\\/wp-content\\\/litespeed\\\/avatar\\\/784dc806a7d23845afc4e9cc8c15fe87.jpg?ver=1776882754\",\"contentUrl\":\"https:\\\/\\\/plazadetorosdesantander.com\\\/wp-content\\\/litespeed\\\/avatar\\\/784dc806a7d23845afc4e9cc8c15fe87.jpg?ver=1776882754\",\"caption\":\"Javier\"},\"url\":\"https:\\\/\\\/plazadetorosdesantander.com\\\/en\\\/author\\\/javier\\\/\"}]}<\/script>\n<!-- \/ Yoast SEO plugin. -->","yoast_head_json":{"title":"The Santander fair will be broadcasted in 99 countries - Plaza Toros Santander","robots":{"index":"index","follow":"follow","max-snippet":"max-snippet:-1","max-image-preview":"max-image-preview:large","max-video-preview":"max-video-preview:-1"},"canonical":"https:\/\/plazadetorosdesantander.com\/en\/the-santander-fair-will-be-broadcasted-in-99-countries\/","og_locale":"en_US","og_type":"article","og_title":"The Santander fair will be broadcasted in 99 countries - Plaza Toros Santander","og_url":"https:\/\/plazadetorosdesantander.com\/en\/the-santander-fair-will-be-broadcasted-in-99-countries\/","og_site_name":"Plaza Toros Santander","article_published_time":"2024-04-04T08:33:14+00:00","article_modified_time":"2024-04-08T14:22:05+00:00","og_image":[{"width":850,"height":567,"url":"https:\/\/plazadetorosdesantander.com\/wp-content\/uploads\/2024\/04\/Paseillo-1-1-1100x734-1.webp","type":"image\/webp"}],"author":"Javier","twitter_card":"summary_large_image","twitter_misc":{"Written by":"Javier","Est. reading time":"1 minute"},"schema":{"@context":"https:\/\/schema.org","@graph":[{"@type":"Article","@id":"https:\/\/plazadetorosdesantander.com\/en\/the-santander-fair-will-be-broadcasted-in-99-countries\/#article","isPartOf":{"@id":"https:\/\/plazadetorosdesantander.com\/en\/the-santander-fair-will-be-broadcasted-in-99-countries\/"},"author":{"name":"Javier","@id":"https:\/\/plazadetorosdesantander.com\/en\/#\/schema\/person\/6fb84d97b8d6f373cd1da4ba7192f0c5"},"headline":"The Santander fair will be broadcasted in 99 countries","datePublished":"2024-04-04T08:33:14+00:00","dateModified":"2024-04-08T14:22:05+00:00","mainEntityOfPage":{"@id":"https:\/\/plazadetorosdesantander.com\/en\/the-santander-fair-will-be-broadcasted-in-99-countries\/"},"wordCount":277,"commentCount":0,"image":{"@id":"https:\/\/plazadetorosdesantander.com\/en\/the-santander-fair-will-be-broadcasted-in-99-countries\/#primaryimage"},"thumbnailUrl":"https:\/\/plazadetorosdesantander.com\/wp-content\/uploads\/2024\/04\/Paseillo-1-1-1100x734-1.webp","articleSection":["News"],"inLanguage":"en-US","potentialAction":[{"@type":"CommentAction","name":"Comment","target":["https:\/\/plazadetorosdesantander.com\/en\/the-santander-fair-will-be-broadcasted-in-99-countries\/#respond"]}]},{"@type":"WebPage","@id":"https:\/\/plazadetorosdesantander.com\/en\/the-santander-fair-will-be-broadcasted-in-99-countries\/","url":"https:\/\/plazadetorosdesantander.com\/en\/the-santander-fair-will-be-broadcasted-in-99-countries\/","name":"The Santander fair will be broadcasted in 99 countries - Plaza Toros Santander","isPartOf":{"@id":"https:\/\/plazadetorosdesantander.com\/en\/#website"},"primaryImageOfPage":{"@id":"https:\/\/plazadetorosdesantander.com\/en\/the-santander-fair-will-be-broadcasted-in-99-countries\/#primaryimage"},"image":{"@id":"https:\/\/plazadetorosdesantander.com\/en\/the-santander-fair-will-be-broadcasted-in-99-countries\/#primaryimage"},"thumbnailUrl":"https:\/\/plazadetorosdesantander.com\/wp-content\/uploads\/2024\/04\/Paseillo-1-1-1100x734-1.webp","datePublished":"2024-04-04T08:33:14+00:00","dateModified":"2024-04-08T14:22:05+00:00","author":{"@id":"https:\/\/plazadetorosdesantander.com\/en\/#\/schema\/person\/6fb84d97b8d6f373cd1da4ba7192f0c5"},"breadcrumb":{"@id":"https:\/\/plazadetorosdesantander.com\/en\/the-santander-fair-will-be-broadcasted-in-99-countries\/#breadcrumb"},"inLanguage":"en-US","potentialAction":[{"@type":"ReadAction","target":["https:\/\/plazadetorosdesantander.com\/en\/the-santander-fair-will-be-broadcasted-in-99-countries\/"]}]},{"@type":"ImageObject","inLanguage":"en-US","@id":"https:\/\/plazadetorosdesantander.com\/en\/the-santander-fair-will-be-broadcasted-in-99-countries\/#primaryimage","url":"https:\/\/plazadetorosdesantander.com\/wp-content\/uploads\/2024\/04\/Paseillo-1-1-1100x734-1.webp","contentUrl":"https:\/\/plazadetorosdesantander.com\/wp-content\/uploads\/2024\/04\/Paseillo-1-1-1100x734-1.webp","width":850,"height":567,"caption":"bullfighters entrance in the bullring"},{"@type":"BreadcrumbList","@id":"https:\/\/plazadetorosdesantander.com\/en\/the-santander-fair-will-be-broadcasted-in-99-countries\/#breadcrumb","itemListElement":[{"@type":"ListItem","position":1,"name":"Portada","item":"https:\/\/plazadetorosdesantander.com\/en\/home\/"},{"@type":"ListItem","position":2,"name":"The Santander fair will be broadcasted in 99 countries"}]},{"@type":"WebSite","@id":"https:\/\/plazadetorosdesantander.com\/en\/#website","url":"https:\/\/plazadetorosdesantander.com\/en\/","name":"Plaza Toros Santander","description":"P\u00e1gina oficial Plaza de Toros Santander","potentialAction":[{"@type":"SearchAction","target":{"@type":"EntryPoint","urlTemplate":"https:\/\/plazadetorosdesantander.com\/en\/?s={search_term_string}"},"query-input":{"@type":"PropertyValueSpecification","valueRequired":true,"valueName":"search_term_string"}}],"inLanguage":"en-US"},{"@type":"Person","@id":"https:\/\/plazadetorosdesantander.com\/en\/#\/schema\/person\/6fb84d97b8d6f373cd1da4ba7192f0c5","name":"Javier","image":{"@type":"ImageObject","inLanguage":"en-US","@id":"https:\/\/plazadetorosdesantander.com\/wp-content\/litespeed\/avatar\/784dc806a7d23845afc4e9cc8c15fe87.jpg?ver=1776882754","url":"https:\/\/plazadetorosdesantander.com\/wp-content\/litespeed\/avatar\/784dc806a7d23845afc4e9cc8c15fe87.jpg?ver=1776882754","contentUrl":"https:\/\/plazadetorosdesantander.com\/wp-content\/litespeed\/avatar\/784dc806a7d23845afc4e9cc8c15fe87.jpg?ver=1776882754","caption":"Javier"},"url":"https:\/\/plazadetorosdesantander.com\/en\/author\/javier\/"}]}},"_links":{"self":[{"href":"https:\/\/plazadetorosdesantander.com\/en\/wp-json\/wp\/v2\/posts\/373","targetHints":{"allow":["GET"]}}],"collection":[{"href":"https:\/\/plazadetorosdesantander.com\/en\/wp-json\/wp\/v2\/posts"}],"about":[{"href":"https:\/\/plazadetorosdesantander.com\/en\/wp-json\/wp\/v2\/types\/post"}],"author":[{"embeddable":true,"href":"https:\/\/plazadetorosdesantander.com\/en\/wp-json\/wp\/v2\/users\/2"}],"replies":[{"embeddable":true,"href":"https:\/\/plazadetorosdesantander.com\/en\/wp-json\/wp\/v2\/comments?post=373"}],"version-history":[{"count":5,"href":"https:\/\/plazadetorosdesantander.com\/en\/wp-json\/wp\/v2\/posts\/373\/revisions"}],"predecessor-version":[{"id":378,"href":"https:\/\/plazadetorosdesantander.com\/en\/wp-json\/wp\/v2\/posts\/373\/revisions\/378"}],"wp:featuredmedia":[{"embeddable":true,"href":"https:\/\/plazadetorosdesantander.com\/en\/wp-json\/wp\/v2\/media\/201"}],"wp:attachment":[{"href":"https:\/\/plazadetorosdesantander.com\/en\/wp-json\/wp\/v2\/media?parent=373"}],"wp:term":[{"taxonomy":"category","embeddable":true,"href":"https:\/\/plazadetorosdesantander.com\/en\/wp-json\/wp\/v2\/categories?post=373"},{"taxonomy":"post_tag","embeddable":true,"href":"https:\/\/plazadetorosdesantander.com\/en\/wp-json\/wp\/v2\/tags?post=373"}],"curies":[{"name":"wp","href":"https:\/\/api.w.org\/{rel}","templated":true}]}}