{"id":379,"date":"2024-04-04T08:33:14","date_gmt":"2024-04-04T08:33:14","guid":{"rendered":"https:\/\/plazadetorosdesantander.com\/la-foire-de-santander-sera-diffusee-dans-99-pays\/"},"modified":"2024-04-22T07:16:25","modified_gmt":"2024-04-22T07:16:25","slug":"la-foire-de-santander-sera-diffusee-dans-99-pays","status":"publish","type":"post","link":"https:\/\/plazadetorosdesantander.com\/fr\/la-foire-de-santander-sera-diffusee-dans-99-pays\/","title":{"rendered":"La foire de Santander sera diffus\u00e9e dans 99 pays"},"content":{"rendered":"<section class=\"l-section wpb_row height_medium\"><div class=\"l-section-h i-cf\"><div class=\"g-cols vc_row via_grid cols_1 laptops-cols_inherit tablets-cols_inherit mobiles-cols_1 valign_top type_default stacking_default\"><div class=\"wpb_column vc_column_container\"><div class=\"vc_column-inner\"><div class=\"wpb_text_column\"><div class=\"wpb_wrapper\"><p>Le g\u00e9rant des ar\u00e8nes, de la soci\u00e9t\u00e9, Lances de Futuro, Jos\u00e9 Mar\u00eda Garz\u00f3n, a annonc\u00e9 cet apr\u00e8s-midi que la Foire de Santander 2024 serait diffus\u00e9e int\u00e9gralement et exclusivement via la plateforme num\u00e9rique OneToro TV.<br \/>\n\u00ab De cette fa\u00e7on, Santander fera partie du circuit des grandes foires de la saison aux c\u00f4t\u00e9s de S\u00e9ville, Madrid et Pampelune. C&rsquo;est une excellente nouvelle car cette foire pourra \u00eatre suivie dans 99 pays et ne sera pas seulement une vitrine taurine, mais elle montrera \u00e9galement toutes les attractions touristiques que contient une ville aussi belle que Santander \u00bb, a d\u00e9clar\u00e9 l&rsquo;homme d&rsquo;affaires s\u00e9villan.<\/p>\n<p>\u00ab\u00a0Nous parlons de la Foire taurine de Santiago qui aura une projection internationale avec des spectateurs de pays comme le Mexique, la Colombie, le P\u00e9rou, le Venezuela et les \u00c9tats-Unis, sans oublier les pays asiatiques qui montrent tant d&rsquo;int\u00e9r\u00eat pour l&rsquo;apprentissage de la tauromachie.\u00a0\u00bb<\/p>\n<p>Garz\u00f3n a soulign\u00e9 que cette nouvelle s&rsquo;est r\u00e9alis\u00e9e gr\u00e2ce \u00e0 tous les efforts d\u00e9ploy\u00e9s ces trois ann\u00e9es \u00e0 la t\u00eate de la direction des ar\u00e8nes de Santander, \u00ab nous avons fait un effort en offrant des corridas au milieu de la pand\u00e9mie, nous avons r\u00e9ussi \u00e0 augmenter le nombre de spectateurs chaque saison et nous avons r\u00e9ussi \u00e0 consolider Santander comme la grande Foire du Nord.<\/p>\n<p>L&rsquo;homme d&rsquo;affaires de Lances de Futuro a adress\u00e9 des mots de gratitude \u00e0 la maire de Santander, Gema Igual, et \u00e0 son \u00e9quipe municipale pour le soutien manifest\u00e9 depuis l&rsquo;arriv\u00e9e de Lances de Futuro, \u00ab sans oublier le conseil d&rsquo;administration de la place, les clubs et les fans en g\u00e9n\u00e9ral, sans eux, cela aurait \u00e9t\u00e9 impossible.<\/p>\n<\/div><\/div><\/div><\/div><\/div><\/div><\/section>\n","protected":false},"excerpt":{"rendered":"Le g\u00e9rant des ar\u00e8nes, de la soci\u00e9t\u00e9, Lances de Futuro, Jos\u00e9 Mar\u00eda Garz\u00f3n, a annonc\u00e9 cet apr\u00e8s-midi que la Foire de Santander 2024 serait diffus\u00e9e int\u00e9gralement et exclusivement via la plateforme num\u00e9rique OneToro TV. \u00ab De cette fa\u00e7on, Santander fera partie du circuit des grandes foires de la saison aux c\u00f4t\u00e9s de S\u00e9ville, Madrid et...","protected":false},"author":2,"featured_media":202,"comment_status":"open","ping_status":"open","sticky":false,"template":"","format":"standard","meta":{"footnotes":""},"categories":[65],"tags":[],"class_list":["post-379","post","type-post","status-publish","format-standard","has-post-thumbnail","hentry","category-informations"],"yoast_head":"<!-- This site is optimized with the Yoast SEO plugin v27.4 - https:\/\/yoast.com\/product\/yoast-seo-wordpress\/ -->\n<title>La foire de Santander sera diffus\u00e9e dans 99 pays - Plaza Toros Santander<\/title>\n<meta name=\"robots\" content=\"index, follow, max-snippet:-1, max-image-preview:large, max-video-preview:-1\" \/>\n<link rel=\"canonical\" href=\"https:\/\/plazadetorosdesantander.com\/fr\/la-foire-de-santander-sera-diffusee-dans-99-pays\/\" \/>\n<meta property=\"og:locale\" content=\"fr_FR\" \/>\n<meta property=\"og:type\" content=\"article\" \/>\n<meta property=\"og:title\" content=\"La foire de Santander sera diffus\u00e9e dans 99 pays - Plaza Toros Santander\" \/>\n<meta property=\"og:url\" content=\"https:\/\/plazadetorosdesantander.com\/fr\/la-foire-de-santander-sera-diffusee-dans-99-pays\/\" \/>\n<meta property=\"og:site_name\" content=\"Plaza Toros Santander\" \/>\n<meta property=\"article:published_time\" content=\"2024-04-04T08:33:14+00:00\" \/>\n<meta property=\"article:modified_time\" content=\"2024-04-22T07:16:25+00:00\" \/>\n<meta property=\"og:image\" content=\"https:\/\/plazadetorosdesantander.com\/wp-content\/uploads\/2024\/04\/Paseillo-1-1-1100x734-1.webp\" \/>\n\t<meta property=\"og:image:width\" content=\"850\" \/>\n\t<meta property=\"og:image:height\" content=\"567\" \/>\n\t<meta property=\"og:image:type\" content=\"image\/webp\" \/>\n<meta name=\"author\" content=\"Javier\" \/>\n<meta name=\"twitter:card\" content=\"summary_large_image\" \/>\n<meta name=\"twitter:label1\" content=\"\u00c9crit par\" \/>\n\t<meta name=\"twitter:data1\" content=\"Javier\" \/>\n\t<meta name=\"twitter:label2\" content=\"Dur\u00e9e de lecture estim\u00e9e\" \/>\n\t<meta name=\"twitter:data2\" content=\"2 minutes\" \/>\n<script type=\"application\/ld+json\" class=\"yoast-schema-graph\">{\"@context\":\"https:\\\/\\\/schema.org\",\"@graph\":[{\"@type\":\"Article\",\"@id\":\"https:\\\/\\\/plazadetorosdesantander.com\\\/fr\\\/la-foire-de-santander-sera-diffusee-dans-99-pays\\\/#article\",\"isPartOf\":{\"@id\":\"https:\\\/\\\/plazadetorosdesantander.com\\\/fr\\\/la-foire-de-santander-sera-diffusee-dans-99-pays\\\/\"},\"author\":{\"name\":\"Javier\",\"@id\":\"https:\\\/\\\/plazadetorosdesantander.com\\\/fr\\\/#\\\/schema\\\/person\\\/6fb84d97b8d6f373cd1da4ba7192f0c5\"},\"headline\":\"La foire de Santander sera diffus\u00e9e dans 99 pays\",\"datePublished\":\"2024-04-04T08:33:14+00:00\",\"dateModified\":\"2024-04-22T07:16:25+00:00\",\"mainEntityOfPage\":{\"@id\":\"https:\\\/\\\/plazadetorosdesantander.com\\\/fr\\\/la-foire-de-santander-sera-diffusee-dans-99-pays\\\/\"},\"wordCount\":310,\"commentCount\":0,\"image\":{\"@id\":\"https:\\\/\\\/plazadetorosdesantander.com\\\/fr\\\/la-foire-de-santander-sera-diffusee-dans-99-pays\\\/#primaryimage\"},\"thumbnailUrl\":\"https:\\\/\\\/plazadetorosdesantander.com\\\/wp-content\\\/uploads\\\/2024\\\/04\\\/Paseillo-1-1-1100x734-1.webp\",\"articleSection\":[\"informations\"],\"inLanguage\":\"fr-FR\",\"potentialAction\":[{\"@type\":\"CommentAction\",\"name\":\"Comment\",\"target\":[\"https:\\\/\\\/plazadetorosdesantander.com\\\/fr\\\/la-foire-de-santander-sera-diffusee-dans-99-pays\\\/#respond\"]}]},{\"@type\":\"WebPage\",\"@id\":\"https:\\\/\\\/plazadetorosdesantander.com\\\/fr\\\/la-foire-de-santander-sera-diffusee-dans-99-pays\\\/\",\"url\":\"https:\\\/\\\/plazadetorosdesantander.com\\\/fr\\\/la-foire-de-santander-sera-diffusee-dans-99-pays\\\/\",\"name\":\"La foire de Santander sera diffus\u00e9e dans 99 pays - Plaza Toros Santander\",\"isPartOf\":{\"@id\":\"https:\\\/\\\/plazadetorosdesantander.com\\\/fr\\\/#website\"},\"primaryImageOfPage\":{\"@id\":\"https:\\\/\\\/plazadetorosdesantander.com\\\/fr\\\/la-foire-de-santander-sera-diffusee-dans-99-pays\\\/#primaryimage\"},\"image\":{\"@id\":\"https:\\\/\\\/plazadetorosdesantander.com\\\/fr\\\/la-foire-de-santander-sera-diffusee-dans-99-pays\\\/#primaryimage\"},\"thumbnailUrl\":\"https:\\\/\\\/plazadetorosdesantander.com\\\/wp-content\\\/uploads\\\/2024\\\/04\\\/Paseillo-1-1-1100x734-1.webp\",\"datePublished\":\"2024-04-04T08:33:14+00:00\",\"dateModified\":\"2024-04-22T07:16:25+00:00\",\"author\":{\"@id\":\"https:\\\/\\\/plazadetorosdesantander.com\\\/fr\\\/#\\\/schema\\\/person\\\/6fb84d97b8d6f373cd1da4ba7192f0c5\"},\"breadcrumb\":{\"@id\":\"https:\\\/\\\/plazadetorosdesantander.com\\\/fr\\\/la-foire-de-santander-sera-diffusee-dans-99-pays\\\/#breadcrumb\"},\"inLanguage\":\"fr-FR\",\"potentialAction\":[{\"@type\":\"ReadAction\",\"target\":[\"https:\\\/\\\/plazadetorosdesantander.com\\\/fr\\\/la-foire-de-santander-sera-diffusee-dans-99-pays\\\/\"]}]},{\"@type\":\"ImageObject\",\"inLanguage\":\"fr-FR\",\"@id\":\"https:\\\/\\\/plazadetorosdesantander.com\\\/fr\\\/la-foire-de-santander-sera-diffusee-dans-99-pays\\\/#primaryimage\",\"url\":\"https:\\\/\\\/plazadetorosdesantander.com\\\/wp-content\\\/uploads\\\/2024\\\/04\\\/Paseillo-1-1-1100x734-1.webp\",\"contentUrl\":\"https:\\\/\\\/plazadetorosdesantander.com\\\/wp-content\\\/uploads\\\/2024\\\/04\\\/Paseillo-1-1-1100x734-1.webp\",\"width\":850,\"height\":567,\"caption\":\"entrada toreros en la plaza de toros\"},{\"@type\":\"BreadcrumbList\",\"@id\":\"https:\\\/\\\/plazadetorosdesantander.com\\\/fr\\\/la-foire-de-santander-sera-diffusee-dans-99-pays\\\/#breadcrumb\",\"itemListElement\":[{\"@type\":\"ListItem\",\"position\":1,\"name\":\"Portada\",\"item\":\"https:\\\/\\\/plazadetorosdesantander.com\\\/fr\\\/accueil\\\/\"},{\"@type\":\"ListItem\",\"position\":2,\"name\":\"La foire de Santander sera diffus\u00e9e dans 99 pays\"}]},{\"@type\":\"WebSite\",\"@id\":\"https:\\\/\\\/plazadetorosdesantander.com\\\/fr\\\/#website\",\"url\":\"https:\\\/\\\/plazadetorosdesantander.com\\\/fr\\\/\",\"name\":\"Plaza Toros Santander\",\"description\":\"P\u00e1gina oficial Plaza de Toros Santander\",\"potentialAction\":[{\"@type\":\"SearchAction\",\"target\":{\"@type\":\"EntryPoint\",\"urlTemplate\":\"https:\\\/\\\/plazadetorosdesantander.com\\\/fr\\\/?s={search_term_string}\"},\"query-input\":{\"@type\":\"PropertyValueSpecification\",\"valueRequired\":true,\"valueName\":\"search_term_string\"}}],\"inLanguage\":\"fr-FR\"},{\"@type\":\"Person\",\"@id\":\"https:\\\/\\\/plazadetorosdesantander.com\\\/fr\\\/#\\\/schema\\\/person\\\/6fb84d97b8d6f373cd1da4ba7192f0c5\",\"name\":\"Javier\",\"image\":{\"@type\":\"ImageObject\",\"inLanguage\":\"fr-FR\",\"@id\":\"https:\\\/\\\/plazadetorosdesantander.com\\\/wp-content\\\/litespeed\\\/avatar\\\/784dc806a7d23845afc4e9cc8c15fe87.jpg?ver=1776882754\",\"url\":\"https:\\\/\\\/plazadetorosdesantander.com\\\/wp-content\\\/litespeed\\\/avatar\\\/784dc806a7d23845afc4e9cc8c15fe87.jpg?ver=1776882754\",\"contentUrl\":\"https:\\\/\\\/plazadetorosdesantander.com\\\/wp-content\\\/litespeed\\\/avatar\\\/784dc806a7d23845afc4e9cc8c15fe87.jpg?ver=1776882754\",\"caption\":\"Javier\"},\"url\":\"https:\\\/\\\/plazadetorosdesantander.com\\\/fr\\\/author\\\/javier\\\/\"}]}<\/script>\n<!-- \/ Yoast SEO plugin. -->","yoast_head_json":{"title":"La foire de Santander sera diffus\u00e9e dans 99 pays - Plaza Toros Santander","robots":{"index":"index","follow":"follow","max-snippet":"max-snippet:-1","max-image-preview":"max-image-preview:large","max-video-preview":"max-video-preview:-1"},"canonical":"https:\/\/plazadetorosdesantander.com\/fr\/la-foire-de-santander-sera-diffusee-dans-99-pays\/","og_locale":"fr_FR","og_type":"article","og_title":"La foire de Santander sera diffus\u00e9e dans 99 pays - Plaza Toros Santander","og_url":"https:\/\/plazadetorosdesantander.com\/fr\/la-foire-de-santander-sera-diffusee-dans-99-pays\/","og_site_name":"Plaza Toros Santander","article_published_time":"2024-04-04T08:33:14+00:00","article_modified_time":"2024-04-22T07:16:25+00:00","og_image":[{"width":850,"height":567,"url":"https:\/\/plazadetorosdesantander.com\/wp-content\/uploads\/2024\/04\/Paseillo-1-1-1100x734-1.webp","type":"image\/webp"}],"author":"Javier","twitter_card":"summary_large_image","twitter_misc":{"\u00c9crit par":"Javier","Dur\u00e9e de lecture estim\u00e9e":"2 minutes"},"schema":{"@context":"https:\/\/schema.org","@graph":[{"@type":"Article","@id":"https:\/\/plazadetorosdesantander.com\/fr\/la-foire-de-santander-sera-diffusee-dans-99-pays\/#article","isPartOf":{"@id":"https:\/\/plazadetorosdesantander.com\/fr\/la-foire-de-santander-sera-diffusee-dans-99-pays\/"},"author":{"name":"Javier","@id":"https:\/\/plazadetorosdesantander.com\/fr\/#\/schema\/person\/6fb84d97b8d6f373cd1da4ba7192f0c5"},"headline":"La foire de Santander sera diffus\u00e9e dans 99 pays","datePublished":"2024-04-04T08:33:14+00:00","dateModified":"2024-04-22T07:16:25+00:00","mainEntityOfPage":{"@id":"https:\/\/plazadetorosdesantander.com\/fr\/la-foire-de-santander-sera-diffusee-dans-99-pays\/"},"wordCount":310,"commentCount":0,"image":{"@id":"https:\/\/plazadetorosdesantander.com\/fr\/la-foire-de-santander-sera-diffusee-dans-99-pays\/#primaryimage"},"thumbnailUrl":"https:\/\/plazadetorosdesantander.com\/wp-content\/uploads\/2024\/04\/Paseillo-1-1-1100x734-1.webp","articleSection":["informations"],"inLanguage":"fr-FR","potentialAction":[{"@type":"CommentAction","name":"Comment","target":["https:\/\/plazadetorosdesantander.com\/fr\/la-foire-de-santander-sera-diffusee-dans-99-pays\/#respond"]}]},{"@type":"WebPage","@id":"https:\/\/plazadetorosdesantander.com\/fr\/la-foire-de-santander-sera-diffusee-dans-99-pays\/","url":"https:\/\/plazadetorosdesantander.com\/fr\/la-foire-de-santander-sera-diffusee-dans-99-pays\/","name":"La foire de Santander sera diffus\u00e9e dans 99 pays - Plaza Toros Santander","isPartOf":{"@id":"https:\/\/plazadetorosdesantander.com\/fr\/#website"},"primaryImageOfPage":{"@id":"https:\/\/plazadetorosdesantander.com\/fr\/la-foire-de-santander-sera-diffusee-dans-99-pays\/#primaryimage"},"image":{"@id":"https:\/\/plazadetorosdesantander.com\/fr\/la-foire-de-santander-sera-diffusee-dans-99-pays\/#primaryimage"},"thumbnailUrl":"https:\/\/plazadetorosdesantander.com\/wp-content\/uploads\/2024\/04\/Paseillo-1-1-1100x734-1.webp","datePublished":"2024-04-04T08:33:14+00:00","dateModified":"2024-04-22T07:16:25+00:00","author":{"@id":"https:\/\/plazadetorosdesantander.com\/fr\/#\/schema\/person\/6fb84d97b8d6f373cd1da4ba7192f0c5"},"breadcrumb":{"@id":"https:\/\/plazadetorosdesantander.com\/fr\/la-foire-de-santander-sera-diffusee-dans-99-pays\/#breadcrumb"},"inLanguage":"fr-FR","potentialAction":[{"@type":"ReadAction","target":["https:\/\/plazadetorosdesantander.com\/fr\/la-foire-de-santander-sera-diffusee-dans-99-pays\/"]}]},{"@type":"ImageObject","inLanguage":"fr-FR","@id":"https:\/\/plazadetorosdesantander.com\/fr\/la-foire-de-santander-sera-diffusee-dans-99-pays\/#primaryimage","url":"https:\/\/plazadetorosdesantander.com\/wp-content\/uploads\/2024\/04\/Paseillo-1-1-1100x734-1.webp","contentUrl":"https:\/\/plazadetorosdesantander.com\/wp-content\/uploads\/2024\/04\/Paseillo-1-1-1100x734-1.webp","width":850,"height":567,"caption":"entrada toreros en la plaza de toros"},{"@type":"BreadcrumbList","@id":"https:\/\/plazadetorosdesantander.com\/fr\/la-foire-de-santander-sera-diffusee-dans-99-pays\/#breadcrumb","itemListElement":[{"@type":"ListItem","position":1,"name":"Portada","item":"https:\/\/plazadetorosdesantander.com\/fr\/accueil\/"},{"@type":"ListItem","position":2,"name":"La foire de Santander sera diffus\u00e9e dans 99 pays"}]},{"@type":"WebSite","@id":"https:\/\/plazadetorosdesantander.com\/fr\/#website","url":"https:\/\/plazadetorosdesantander.com\/fr\/","name":"Plaza Toros Santander","description":"P\u00e1gina oficial Plaza de Toros Santander","potentialAction":[{"@type":"SearchAction","target":{"@type":"EntryPoint","urlTemplate":"https:\/\/plazadetorosdesantander.com\/fr\/?s={search_term_string}"},"query-input":{"@type":"PropertyValueSpecification","valueRequired":true,"valueName":"search_term_string"}}],"inLanguage":"fr-FR"},{"@type":"Person","@id":"https:\/\/plazadetorosdesantander.com\/fr\/#\/schema\/person\/6fb84d97b8d6f373cd1da4ba7192f0c5","name":"Javier","image":{"@type":"ImageObject","inLanguage":"fr-FR","@id":"https:\/\/plazadetorosdesantander.com\/wp-content\/litespeed\/avatar\/784dc806a7d23845afc4e9cc8c15fe87.jpg?ver=1776882754","url":"https:\/\/plazadetorosdesantander.com\/wp-content\/litespeed\/avatar\/784dc806a7d23845afc4e9cc8c15fe87.jpg?ver=1776882754","contentUrl":"https:\/\/plazadetorosdesantander.com\/wp-content\/litespeed\/avatar\/784dc806a7d23845afc4e9cc8c15fe87.jpg?ver=1776882754","caption":"Javier"},"url":"https:\/\/plazadetorosdesantander.com\/fr\/author\/javier\/"}]}},"_links":{"self":[{"href":"https:\/\/plazadetorosdesantander.com\/fr\/wp-json\/wp\/v2\/posts\/379","targetHints":{"allow":["GET"]}}],"collection":[{"href":"https:\/\/plazadetorosdesantander.com\/fr\/wp-json\/wp\/v2\/posts"}],"about":[{"href":"https:\/\/plazadetorosdesantander.com\/fr\/wp-json\/wp\/v2\/types\/post"}],"author":[{"embeddable":true,"href":"https:\/\/plazadetorosdesantander.com\/fr\/wp-json\/wp\/v2\/users\/2"}],"replies":[{"embeddable":true,"href":"https:\/\/plazadetorosdesantander.com\/fr\/wp-json\/wp\/v2\/comments?post=379"}],"version-history":[{"count":8,"href":"https:\/\/plazadetorosdesantander.com\/fr\/wp-json\/wp\/v2\/posts\/379\/revisions"}],"predecessor-version":[{"id":480,"href":"https:\/\/plazadetorosdesantander.com\/fr\/wp-json\/wp\/v2\/posts\/379\/revisions\/480"}],"wp:featuredmedia":[{"embeddable":true,"href":"https:\/\/plazadetorosdesantander.com\/fr\/wp-json\/wp\/v2\/media\/202"}],"wp:attachment":[{"href":"https:\/\/plazadetorosdesantander.com\/fr\/wp-json\/wp\/v2\/media?parent=379"}],"wp:term":[{"taxonomy":"category","embeddable":true,"href":"https:\/\/plazadetorosdesantander.com\/fr\/wp-json\/wp\/v2\/categories?post=379"},{"taxonomy":"post_tag","embeddable":true,"href":"https:\/\/plazadetorosdesantander.com\/fr\/wp-json\/wp\/v2\/tags?post=379"}],"curies":[{"name":"wp","href":"https:\/\/api.w.org\/{rel}","templated":true}]}}