{"id":3942,"date":"2025-01-23T09:54:43","date_gmt":"2025-01-23T09:54:43","guid":{"rendered":"https:\/\/plazadetorosdesantander.com\/santander-annonce-une-foire-taurine-de-santiago-2025-avec-des-nouveautes-importantes-et-de-grands-elevages\/"},"modified":"2025-01-23T09:56:42","modified_gmt":"2025-01-23T09:56:42","slug":"santander-annonce-une-foire-taurine-de-santiago-2025-avec-des-nouveautes-importantes-et-de-grands-elevages","status":"publish","type":"post","link":"https:\/\/plazadetorosdesantander.com\/fr\/santander-annonce-une-foire-taurine-de-santiago-2025-avec-des-nouveautes-importantes-et-de-grands-elevages\/","title":{"rendered":"Santander annonce une Foire taurine de Santiago 2025 avec des nouveaut\u00e9s importantes et de grands \u00e9levages"},"content":{"rendered":"<section class=\"l-section wpb_row height_medium\"><div class=\"l-section-h i-cf\"><div class=\"g-cols vc_row via_grid cols_1 laptops-cols_inherit tablets-cols_inherit mobiles-cols_1 valign_top type_default stacking_default\"><div class=\"wpb_column vc_column_container\"><div class=\"vc_column-inner\"><div class=\"wpb_text_column\"><div class=\"wpb_wrapper\"><p>Du 19 au 26 juillet, Santander c\u00e9l\u00e9brera la Foire taurine de Santiago 2025, avec une corrida de plus que les \u00e9ditions pr\u00e9c\u00e9dentes et la pr\u00e9sence d&rsquo;\u00e9levages de premier plan tels que Miura, Victorino Mart\u00edn, Juan Pedro Domecq, Puerto de San Lorenzo, Domingo Hern\u00e1ndez et El Pilier. De plus, il y aura une corrida de Los Espartales et une corrida d&rsquo;El Parralejo. La maire, Gema Igual, a pr\u00e9sent\u00e9 ces d\u00e9tails apr\u00e8s avoir rencontr\u00e9 \u00e0 Madrid Jos\u00e9 Mar\u00eda Garz\u00f3n, homme d&rsquo;affaires de Lances de Futuro, confirmant le contrat r\u00e9cemment approuv\u00e9 pour l&rsquo;organisation de l&rsquo;\u00e9v\u00e9nement \u00e0 la Cuatro Caminos Arena. Cette ann\u00e9e, l&rsquo;abonnement comprendra six corridas, une corrida, une corrida avec picadors, un concours de coupe et une corrida en cours pratique. Lors de la pr\u00e9sentation, r\u00e9alis\u00e9e dans le cadre de FITUR, Igual a soulign\u00e9 la consolidation de Santander comme r\u00e9f\u00e9rence taurine dans le nord de l&rsquo;Espagne. Il a soulign\u00e9 que la foire a non seulement un impact culturel et m\u00e9diatique, mais profite \u00e9galement de mani\u00e8re significative \u00e0 l&rsquo;\u00e9conomie locale, en attirant des visiteurs nationaux et internationaux. De plus, le 7 f\u00e9vrier, \u00e0 l&rsquo;H\u00f4tel Chiqui aura lieu la c\u00e9r\u00e9monie de remise des prix de la Foire 2024, en pr\u00e9sence de l&rsquo;Infante Elena, reconnue comme fan exemplaire. Des personnalit\u00e9s telles que Morante de la Puebla, vainqueur de la foire, et d&rsquo;autres participants notables seront \u00e9galement honor\u00e9es. Pour sa part, Jos\u00e9 Mar\u00eda Garz\u00f3n a soulign\u00e9 l&rsquo;importance des affiches de cette ann\u00e9e, qui incluent le retour de deux \u00e9levages historiques, Miura et Victorino Mart\u00edn, donnant un caract\u00e8re plus \u00ab optimiste \u00bb \u00e0 la foire. Cet effort conjoint entre la Mairie et Lances de Futuro renforce l&rsquo;objectif de consolider la foire comme l&rsquo;un des \u00e9v\u00e9nements taurins les plus importants du pays et une attraction cl\u00e9 pour Santander et la Cantabrie.<\/p>\n<\/div><\/div><\/div><\/div><\/div><\/div><\/section>\n","protected":false},"excerpt":{"rendered":"Du 19 au 26 juillet, Santander c\u00e9l\u00e9brera la Foire taurine de Santiago 2025, avec une corrida de plus que les \u00e9ditions pr\u00e9c\u00e9dentes et la pr\u00e9sence d&rsquo;\u00e9levages de premier plan tels que Miura, Victorino Mart\u00edn, Juan Pedro Domecq, Puerto de San Lorenzo, Domingo Hern\u00e1ndez et El Pilier. De plus, il y aura une corrida de Los...","protected":false},"author":2,"featured_media":3940,"comment_status":"closed","ping_status":"closed","sticky":false,"template":"","format":"standard","meta":{"footnotes":""},"categories":[65],"tags":[],"class_list":["post-3942","post","type-post","status-publish","format-standard","has-post-thumbnail","hentry","category-informations"],"yoast_head":"<!-- This site is optimized with the Yoast SEO plugin v27.4 - https:\/\/yoast.com\/product\/yoast-seo-wordpress\/ -->\n<title>Santander annonce une Foire taurine de Santiago 2025<\/title>\n<meta name=\"description\" content=\"Actualit\u00e9s Ar\u00e8nes de Santander | Pr\u00e9sentation de l&#039;affiche de la foire taurine 2025 ainsi que des \u00e9levages participants\" \/>\n<meta name=\"robots\" content=\"index, follow, max-snippet:-1, max-image-preview:large, max-video-preview:-1\" \/>\n<link rel=\"canonical\" href=\"https:\/\/plazadetorosdesantander.com\/fr\/santander-annonce-une-foire-taurine-de-santiago-2025-avec-des-nouveautes-importantes-et-de-grands-elevages\/\" \/>\n<meta property=\"og:locale\" content=\"fr_FR\" \/>\n<meta property=\"og:type\" content=\"article\" \/>\n<meta property=\"og:title\" content=\"Santander annonce une Foire taurine de Santiago 2025\" \/>\n<meta property=\"og:description\" content=\"Actualit\u00e9s Ar\u00e8nes de Santander | Pr\u00e9sentation de l&#039;affiche de la foire taurine 2025 ainsi que des \u00e9levages participants\" \/>\n<meta property=\"og:url\" content=\"https:\/\/plazadetorosdesantander.com\/fr\/santander-annonce-une-foire-taurine-de-santiago-2025-avec-des-nouveautes-importantes-et-de-grands-elevages\/\" \/>\n<meta property=\"og:site_name\" content=\"Plaza Toros Santander\" \/>\n<meta property=\"article:published_time\" content=\"2025-01-23T09:54:43+00:00\" \/>\n<meta property=\"article:modified_time\" content=\"2025-01-23T09:56:42+00:00\" \/>\n<meta property=\"og:image\" content=\"https:\/\/plazadetorosdesantander.com\/wp-content\/uploads\/2025\/01\/Feria-santander-2025.webp\" \/>\n\t<meta property=\"og:image:width\" content=\"954\" \/>\n\t<meta property=\"og:image:height\" content=\"900\" \/>\n\t<meta property=\"og:image:type\" content=\"image\/webp\" \/>\n<meta name=\"author\" content=\"Javier\" \/>\n<meta name=\"twitter:card\" content=\"summary_large_image\" \/>\n<meta name=\"twitter:label1\" content=\"\u00c9crit par\" \/>\n\t<meta name=\"twitter:data1\" content=\"Javier\" \/>\n\t<meta name=\"twitter:label2\" content=\"Dur\u00e9e de lecture estim\u00e9e\" \/>\n\t<meta name=\"twitter:data2\" content=\"2 minutes\" \/>\n<script type=\"application\/ld+json\" class=\"yoast-schema-graph\">{\"@context\":\"https:\\\/\\\/schema.org\",\"@graph\":[{\"@type\":\"Article\",\"@id\":\"https:\\\/\\\/plazadetorosdesantander.com\\\/fr\\\/santander-annonce-une-foire-taurine-de-santiago-2025-avec-des-nouveautes-importantes-et-de-grands-elevages\\\/#article\",\"isPartOf\":{\"@id\":\"https:\\\/\\\/plazadetorosdesantander.com\\\/fr\\\/santander-annonce-une-foire-taurine-de-santiago-2025-avec-des-nouveautes-importantes-et-de-grands-elevages\\\/\"},\"author\":{\"name\":\"Javier\",\"@id\":\"https:\\\/\\\/plazadetorosdesantander.com\\\/fr\\\/#\\\/schema\\\/person\\\/6fb84d97b8d6f373cd1da4ba7192f0c5\"},\"headline\":\"Santander annonce une Foire taurine de Santiago 2025 avec des nouveaut\u00e9s importantes et de grands \u00e9levages\",\"datePublished\":\"2025-01-23T09:54:43+00:00\",\"dateModified\":\"2025-01-23T09:56:42+00:00\",\"mainEntityOfPage\":{\"@id\":\"https:\\\/\\\/plazadetorosdesantander.com\\\/fr\\\/santander-annonce-une-foire-taurine-de-santiago-2025-avec-des-nouveautes-importantes-et-de-grands-elevages\\\/\"},\"wordCount\":350,\"image\":{\"@id\":\"https:\\\/\\\/plazadetorosdesantander.com\\\/fr\\\/santander-annonce-une-foire-taurine-de-santiago-2025-avec-des-nouveautes-importantes-et-de-grands-elevages\\\/#primaryimage\"},\"thumbnailUrl\":\"https:\\\/\\\/plazadetorosdesantander.com\\\/wp-content\\\/uploads\\\/2025\\\/01\\\/Feria-santander-2025.webp\",\"articleSection\":[\"informations\"],\"inLanguage\":\"fr-FR\"},{\"@type\":\"WebPage\",\"@id\":\"https:\\\/\\\/plazadetorosdesantander.com\\\/fr\\\/santander-annonce-une-foire-taurine-de-santiago-2025-avec-des-nouveautes-importantes-et-de-grands-elevages\\\/\",\"url\":\"https:\\\/\\\/plazadetorosdesantander.com\\\/fr\\\/santander-annonce-une-foire-taurine-de-santiago-2025-avec-des-nouveautes-importantes-et-de-grands-elevages\\\/\",\"name\":\"Santander annonce une Foire taurine de Santiago 2025\",\"isPartOf\":{\"@id\":\"https:\\\/\\\/plazadetorosdesantander.com\\\/fr\\\/#website\"},\"primaryImageOfPage\":{\"@id\":\"https:\\\/\\\/plazadetorosdesantander.com\\\/fr\\\/santander-annonce-une-foire-taurine-de-santiago-2025-avec-des-nouveautes-importantes-et-de-grands-elevages\\\/#primaryimage\"},\"image\":{\"@id\":\"https:\\\/\\\/plazadetorosdesantander.com\\\/fr\\\/santander-annonce-une-foire-taurine-de-santiago-2025-avec-des-nouveautes-importantes-et-de-grands-elevages\\\/#primaryimage\"},\"thumbnailUrl\":\"https:\\\/\\\/plazadetorosdesantander.com\\\/wp-content\\\/uploads\\\/2025\\\/01\\\/Feria-santander-2025.webp\",\"datePublished\":\"2025-01-23T09:54:43+00:00\",\"dateModified\":\"2025-01-23T09:56:42+00:00\",\"author\":{\"@id\":\"https:\\\/\\\/plazadetorosdesantander.com\\\/fr\\\/#\\\/schema\\\/person\\\/6fb84d97b8d6f373cd1da4ba7192f0c5\"},\"description\":\"Actualit\u00e9s Ar\u00e8nes de Santander | Pr\u00e9sentation de l'affiche de la foire taurine 2025 ainsi que des \u00e9levages participants\",\"breadcrumb\":{\"@id\":\"https:\\\/\\\/plazadetorosdesantander.com\\\/fr\\\/santander-annonce-une-foire-taurine-de-santiago-2025-avec-des-nouveautes-importantes-et-de-grands-elevages\\\/#breadcrumb\"},\"inLanguage\":\"fr-FR\",\"potentialAction\":[{\"@type\":\"ReadAction\",\"target\":[\"https:\\\/\\\/plazadetorosdesantander.com\\\/fr\\\/santander-annonce-une-foire-taurine-de-santiago-2025-avec-des-nouveautes-importantes-et-de-grands-elevages\\\/\"]}]},{\"@type\":\"ImageObject\",\"inLanguage\":\"fr-FR\",\"@id\":\"https:\\\/\\\/plazadetorosdesantander.com\\\/fr\\\/santander-annonce-une-foire-taurine-de-santiago-2025-avec-des-nouveautes-importantes-et-de-grands-elevages\\\/#primaryimage\",\"url\":\"https:\\\/\\\/plazadetorosdesantander.com\\\/wp-content\\\/uploads\\\/2025\\\/01\\\/Feria-santander-2025.webp\",\"contentUrl\":\"https:\\\/\\\/plazadetorosdesantander.com\\\/wp-content\\\/uploads\\\/2025\\\/01\\\/Feria-santander-2025.webp\",\"width\":954,\"height\":900},{\"@type\":\"BreadcrumbList\",\"@id\":\"https:\\\/\\\/plazadetorosdesantander.com\\\/fr\\\/santander-annonce-une-foire-taurine-de-santiago-2025-avec-des-nouveautes-importantes-et-de-grands-elevages\\\/#breadcrumb\",\"itemListElement\":[{\"@type\":\"ListItem\",\"position\":1,\"name\":\"Portada\",\"item\":\"https:\\\/\\\/plazadetorosdesantander.com\\\/fr\\\/accueil\\\/\"},{\"@type\":\"ListItem\",\"position\":2,\"name\":\"Santander annonce une Foire taurine de Santiago 2025 avec des nouveaut\u00e9s importantes et de grands \u00e9levages\"}]},{\"@type\":\"WebSite\",\"@id\":\"https:\\\/\\\/plazadetorosdesantander.com\\\/fr\\\/#website\",\"url\":\"https:\\\/\\\/plazadetorosdesantander.com\\\/fr\\\/\",\"name\":\"Plaza Toros Santander\",\"description\":\"P\u00e1gina oficial Plaza de Toros Santander\",\"potentialAction\":[{\"@type\":\"SearchAction\",\"target\":{\"@type\":\"EntryPoint\",\"urlTemplate\":\"https:\\\/\\\/plazadetorosdesantander.com\\\/fr\\\/?s={search_term_string}\"},\"query-input\":{\"@type\":\"PropertyValueSpecification\",\"valueRequired\":true,\"valueName\":\"search_term_string\"}}],\"inLanguage\":\"fr-FR\"},{\"@type\":\"Person\",\"@id\":\"https:\\\/\\\/plazadetorosdesantander.com\\\/fr\\\/#\\\/schema\\\/person\\\/6fb84d97b8d6f373cd1da4ba7192f0c5\",\"name\":\"Javier\",\"image\":{\"@type\":\"ImageObject\",\"inLanguage\":\"fr-FR\",\"@id\":\"https:\\\/\\\/plazadetorosdesantander.com\\\/wp-content\\\/litespeed\\\/avatar\\\/784dc806a7d23845afc4e9cc8c15fe87.jpg?ver=1776882754\",\"url\":\"https:\\\/\\\/plazadetorosdesantander.com\\\/wp-content\\\/litespeed\\\/avatar\\\/784dc806a7d23845afc4e9cc8c15fe87.jpg?ver=1776882754\",\"contentUrl\":\"https:\\\/\\\/plazadetorosdesantander.com\\\/wp-content\\\/litespeed\\\/avatar\\\/784dc806a7d23845afc4e9cc8c15fe87.jpg?ver=1776882754\",\"caption\":\"Javier\"},\"url\":\"https:\\\/\\\/plazadetorosdesantander.com\\\/fr\\\/author\\\/javier\\\/\"}]}<\/script>\n<!-- \/ Yoast SEO plugin. -->","yoast_head_json":{"title":"Santander annonce une Foire taurine de Santiago 2025","description":"Actualit\u00e9s Ar\u00e8nes de Santander | Pr\u00e9sentation de l'affiche de la foire taurine 2025 ainsi que des \u00e9levages participants","robots":{"index":"index","follow":"follow","max-snippet":"max-snippet:-1","max-image-preview":"max-image-preview:large","max-video-preview":"max-video-preview:-1"},"canonical":"https:\/\/plazadetorosdesantander.com\/fr\/santander-annonce-une-foire-taurine-de-santiago-2025-avec-des-nouveautes-importantes-et-de-grands-elevages\/","og_locale":"fr_FR","og_type":"article","og_title":"Santander annonce une Foire taurine de Santiago 2025","og_description":"Actualit\u00e9s Ar\u00e8nes de Santander | Pr\u00e9sentation de l'affiche de la foire taurine 2025 ainsi que des \u00e9levages participants","og_url":"https:\/\/plazadetorosdesantander.com\/fr\/santander-annonce-une-foire-taurine-de-santiago-2025-avec-des-nouveautes-importantes-et-de-grands-elevages\/","og_site_name":"Plaza Toros Santander","article_published_time":"2025-01-23T09:54:43+00:00","article_modified_time":"2025-01-23T09:56:42+00:00","og_image":[{"width":954,"height":900,"url":"https:\/\/plazadetorosdesantander.com\/wp-content\/uploads\/2025\/01\/Feria-santander-2025.webp","type":"image\/webp"}],"author":"Javier","twitter_card":"summary_large_image","twitter_misc":{"\u00c9crit par":"Javier","Dur\u00e9e de lecture estim\u00e9e":"2 minutes"},"schema":{"@context":"https:\/\/schema.org","@graph":[{"@type":"Article","@id":"https:\/\/plazadetorosdesantander.com\/fr\/santander-annonce-une-foire-taurine-de-santiago-2025-avec-des-nouveautes-importantes-et-de-grands-elevages\/#article","isPartOf":{"@id":"https:\/\/plazadetorosdesantander.com\/fr\/santander-annonce-une-foire-taurine-de-santiago-2025-avec-des-nouveautes-importantes-et-de-grands-elevages\/"},"author":{"name":"Javier","@id":"https:\/\/plazadetorosdesantander.com\/fr\/#\/schema\/person\/6fb84d97b8d6f373cd1da4ba7192f0c5"},"headline":"Santander annonce une Foire taurine de Santiago 2025 avec des nouveaut\u00e9s importantes et de grands \u00e9levages","datePublished":"2025-01-23T09:54:43+00:00","dateModified":"2025-01-23T09:56:42+00:00","mainEntityOfPage":{"@id":"https:\/\/plazadetorosdesantander.com\/fr\/santander-annonce-une-foire-taurine-de-santiago-2025-avec-des-nouveautes-importantes-et-de-grands-elevages\/"},"wordCount":350,"image":{"@id":"https:\/\/plazadetorosdesantander.com\/fr\/santander-annonce-une-foire-taurine-de-santiago-2025-avec-des-nouveautes-importantes-et-de-grands-elevages\/#primaryimage"},"thumbnailUrl":"https:\/\/plazadetorosdesantander.com\/wp-content\/uploads\/2025\/01\/Feria-santander-2025.webp","articleSection":["informations"],"inLanguage":"fr-FR"},{"@type":"WebPage","@id":"https:\/\/plazadetorosdesantander.com\/fr\/santander-annonce-une-foire-taurine-de-santiago-2025-avec-des-nouveautes-importantes-et-de-grands-elevages\/","url":"https:\/\/plazadetorosdesantander.com\/fr\/santander-annonce-une-foire-taurine-de-santiago-2025-avec-des-nouveautes-importantes-et-de-grands-elevages\/","name":"Santander annonce une Foire taurine de Santiago 2025","isPartOf":{"@id":"https:\/\/plazadetorosdesantander.com\/fr\/#website"},"primaryImageOfPage":{"@id":"https:\/\/plazadetorosdesantander.com\/fr\/santander-annonce-une-foire-taurine-de-santiago-2025-avec-des-nouveautes-importantes-et-de-grands-elevages\/#primaryimage"},"image":{"@id":"https:\/\/plazadetorosdesantander.com\/fr\/santander-annonce-une-foire-taurine-de-santiago-2025-avec-des-nouveautes-importantes-et-de-grands-elevages\/#primaryimage"},"thumbnailUrl":"https:\/\/plazadetorosdesantander.com\/wp-content\/uploads\/2025\/01\/Feria-santander-2025.webp","datePublished":"2025-01-23T09:54:43+00:00","dateModified":"2025-01-23T09:56:42+00:00","author":{"@id":"https:\/\/plazadetorosdesantander.com\/fr\/#\/schema\/person\/6fb84d97b8d6f373cd1da4ba7192f0c5"},"description":"Actualit\u00e9s Ar\u00e8nes de Santander | Pr\u00e9sentation de l'affiche de la foire taurine 2025 ainsi que des \u00e9levages participants","breadcrumb":{"@id":"https:\/\/plazadetorosdesantander.com\/fr\/santander-annonce-une-foire-taurine-de-santiago-2025-avec-des-nouveautes-importantes-et-de-grands-elevages\/#breadcrumb"},"inLanguage":"fr-FR","potentialAction":[{"@type":"ReadAction","target":["https:\/\/plazadetorosdesantander.com\/fr\/santander-annonce-une-foire-taurine-de-santiago-2025-avec-des-nouveautes-importantes-et-de-grands-elevages\/"]}]},{"@type":"ImageObject","inLanguage":"fr-FR","@id":"https:\/\/plazadetorosdesantander.com\/fr\/santander-annonce-une-foire-taurine-de-santiago-2025-avec-des-nouveautes-importantes-et-de-grands-elevages\/#primaryimage","url":"https:\/\/plazadetorosdesantander.com\/wp-content\/uploads\/2025\/01\/Feria-santander-2025.webp","contentUrl":"https:\/\/plazadetorosdesantander.com\/wp-content\/uploads\/2025\/01\/Feria-santander-2025.webp","width":954,"height":900},{"@type":"BreadcrumbList","@id":"https:\/\/plazadetorosdesantander.com\/fr\/santander-annonce-une-foire-taurine-de-santiago-2025-avec-des-nouveautes-importantes-et-de-grands-elevages\/#breadcrumb","itemListElement":[{"@type":"ListItem","position":1,"name":"Portada","item":"https:\/\/plazadetorosdesantander.com\/fr\/accueil\/"},{"@type":"ListItem","position":2,"name":"Santander annonce une Foire taurine de Santiago 2025 avec des nouveaut\u00e9s importantes et de grands \u00e9levages"}]},{"@type":"WebSite","@id":"https:\/\/plazadetorosdesantander.com\/fr\/#website","url":"https:\/\/plazadetorosdesantander.com\/fr\/","name":"Plaza Toros Santander","description":"P\u00e1gina oficial Plaza de Toros Santander","potentialAction":[{"@type":"SearchAction","target":{"@type":"EntryPoint","urlTemplate":"https:\/\/plazadetorosdesantander.com\/fr\/?s={search_term_string}"},"query-input":{"@type":"PropertyValueSpecification","valueRequired":true,"valueName":"search_term_string"}}],"inLanguage":"fr-FR"},{"@type":"Person","@id":"https:\/\/plazadetorosdesantander.com\/fr\/#\/schema\/person\/6fb84d97b8d6f373cd1da4ba7192f0c5","name":"Javier","image":{"@type":"ImageObject","inLanguage":"fr-FR","@id":"https:\/\/plazadetorosdesantander.com\/wp-content\/litespeed\/avatar\/784dc806a7d23845afc4e9cc8c15fe87.jpg?ver=1776882754","url":"https:\/\/plazadetorosdesantander.com\/wp-content\/litespeed\/avatar\/784dc806a7d23845afc4e9cc8c15fe87.jpg?ver=1776882754","contentUrl":"https:\/\/plazadetorosdesantander.com\/wp-content\/litespeed\/avatar\/784dc806a7d23845afc4e9cc8c15fe87.jpg?ver=1776882754","caption":"Javier"},"url":"https:\/\/plazadetorosdesantander.com\/fr\/author\/javier\/"}]}},"_links":{"self":[{"href":"https:\/\/plazadetorosdesantander.com\/fr\/wp-json\/wp\/v2\/posts\/3942","targetHints":{"allow":["GET"]}}],"collection":[{"href":"https:\/\/plazadetorosdesantander.com\/fr\/wp-json\/wp\/v2\/posts"}],"about":[{"href":"https:\/\/plazadetorosdesantander.com\/fr\/wp-json\/wp\/v2\/types\/post"}],"author":[{"embeddable":true,"href":"https:\/\/plazadetorosdesantander.com\/fr\/wp-json\/wp\/v2\/users\/2"}],"replies":[{"embeddable":true,"href":"https:\/\/plazadetorosdesantander.com\/fr\/wp-json\/wp\/v2\/comments?post=3942"}],"version-history":[{"count":2,"href":"https:\/\/plazadetorosdesantander.com\/fr\/wp-json\/wp\/v2\/posts\/3942\/revisions"}],"predecessor-version":[{"id":3944,"href":"https:\/\/plazadetorosdesantander.com\/fr\/wp-json\/wp\/v2\/posts\/3942\/revisions\/3944"}],"wp:featuredmedia":[{"embeddable":true,"href":"https:\/\/plazadetorosdesantander.com\/fr\/wp-json\/wp\/v2\/media\/3940"}],"wp:attachment":[{"href":"https:\/\/plazadetorosdesantander.com\/fr\/wp-json\/wp\/v2\/media?parent=3942"}],"wp:term":[{"taxonomy":"category","embeddable":true,"href":"https:\/\/plazadetorosdesantander.com\/fr\/wp-json\/wp\/v2\/categories?post=3942"},{"taxonomy":"post_tag","embeddable":true,"href":"https:\/\/plazadetorosdesantander.com\/fr\/wp-json\/wp\/v2\/tags?post=3942"}],"curies":[{"name":"wp","href":"https:\/\/api.w.org\/{rel}","templated":true}]}}