{"id":400,"date":"2024-04-04T07:46:21","date_gmt":"2024-04-04T07:46:21","guid":{"rendered":"https:\/\/plazadetorosdesantander.com\/dates-de-la-foire-taurine-de-santander\/"},"modified":"2024-04-22T07:44:58","modified_gmt":"2024-04-22T07:44:58","slug":"dates-de-la-foire-taurine-de-santander","status":"publish","type":"post","link":"https:\/\/plazadetorosdesantander.com\/fr\/dates-de-la-foire-taurine-de-santander\/","title":{"rendered":"Dates de la f\u00e9ria taurine de Santander"},"content":{"rendered":"<section class=\"l-section wpb_row height_medium\"><div class=\"l-section-h i-cf\"><div class=\"g-cols vc_row via_grid cols_1 laptops-cols_inherit tablets-cols_inherit mobiles-cols_1 valign_top type_default stacking_default\"><div class=\"wpb_column vc_column_container\"><div class=\"vc_column-inner\"><div class=\"wpb_text_column\"><div class=\"wpb_wrapper\"><p>Santander c\u00e9l\u00e9brera la Foire taurine de Santiago 2024 du 20 au 26 juillet et mettra en vedette des figures importantes de la tauromachie actuelle comme Roca Rey, Morante, Cayetano, Juan Ortega, Pablo Aguado ou Daniel Luque, ainsi que les taureaux des \u00e9levages d&rsquo;Antonio Ba\u00f1uelos, La Quinta et Domingo Hern\u00e1ndez.<br \/>\nC&rsquo;est ce qu&rsquo;a annonc\u00e9 la mairesse, Gema Igual, apr\u00e8s avoir rencontr\u00e9 \u00e0 Madrid le g\u00e9rant des ar\u00e8nes de Lances de Futuro, Jos\u00e9 Mar\u00eda Garz\u00f3n, et le torero Cayetano Rivera pour avancer dans l&rsquo;organisation des corridas que les ar\u00e8nes de Cuatro Caminos accueilleront.<\/p>\n<p>\u00ab\u00a0Gr\u00e2ce \u00e0 la tradition et \u00e0 la qualit\u00e9 de ses spectacles, Santander se consolide comme la grande Foire du nord de l&rsquo;Espagne et pour cette raison, en 2024, les principales figures de la tauromachie actuelle ne peuvent manquer\u00a0\u00bb, a-t-il soulign\u00e9.<br \/>\nL&rsquo;\u00e9dile a pr\u00e9sent\u00e9 cet aper\u00e7u de la prochaine foire taurine dans le cadre de FITUR car c&rsquo;est l&rsquo;un des projets strat\u00e9giques avec lesquels Santander participe \u00e0 la foire du tourisme et avec lequel la ville veut transmettre l&rsquo;importance d&rsquo;un \u00e9v\u00e9nement \u00ab cl\u00e9 \u00bb dans sa semaine la plus importante de l&rsquo;ann\u00e9e en termes d&rsquo;accueil, de culture et de loisirs.<\/p>\n<p>En outre, Garz\u00f3n a rappel\u00e9 que la Foire de Santiago sera diffus\u00e9e int\u00e9gralement et exclusivement \u00e0 travers la plateforme num\u00e9rique OneToro TV et atteindra 99 pays. \u00ab Elle sera un catalyseur pour Santander et la Cantabrie, en tant que vitrine de la tauromachie et des innombrables attractions de notre ville et notre communaut\u00e9 \u00bb, a-t-il assur\u00e9.<\/p>\n<p>L&rsquo;\u00e9dile a \u00e9galement annonc\u00e9 que vendredi prochain, le 16 f\u00e9vrier, aura lieu la c\u00e9r\u00e9monie de remise des prix de la f\u00e9ria de 2023, que la Mairie d\u00e9cerne chaque ann\u00e9e et qui sont all\u00e9s \u00e0 Roca Rey, l&rsquo;\u00e9levage La Quinta, Tom\u00e1s Rufo, qui a \u00e9t\u00e9 d\u00e9clar\u00e9 le meilleur d\u00e9butant, et Gin\u00e9s Mar\u00edn, pour la meilleure faena, d\u00e9cid\u00e9e par le jury compos\u00e9 de clubs et de m\u00e9dias.<\/p>\n<p>Parmi les distinctions, il y aura \u00e9galement une reconnaissance au torero Cayetano Rivera pour la victoire salvatrice remport\u00e9e par sa partenaire Roca Rey lors de la corrida du 25 juillet.<br \/>\nEn ce sens, le maire a toujours remerci\u00e9 Cayetano pour sa disponibilit\u00e9 et sa totale collaboration avec la Mairie et la Foire de Santander.<br \/>\nDe m\u00eame, il a r\u00e9affirm\u00e9 le soutien que la Mairie accorde \u00e0 la foire taurine de Santander : pour son enracinement dans la ville, pour sa contribution au maintien du patrimoine culturel, historique et architectural d&rsquo;une ar\u00e8ne plus que centenaire, et pour son impact \u00e9conomique.<br \/>\nEt il a soulign\u00e9 le travail conjoint entre la Mairie et Lances de Futuro dans la pr\u00e9sentation d&rsquo;affiches puissantes et int\u00e9ressantes pour ce qu&rsquo;est la grande Foire du Nord.<\/p>\n<p>Jos\u00e9 Mar\u00eda Garz\u00f3n a remerci\u00e9 Gema Igual pour son soutien et son engagement \u00ab\u00a0sans complexes envers la tauromachie et dans la promotion d&rsquo;une foire taurine de l&rsquo;importance de Santander, un engagement qui se voit \u00e9galement tout au long de l&rsquo;ann\u00e9e avec l&rsquo;entretien et l&rsquo;entretien des Ar\u00e8nes de Quatre voies\u00a0\u00bb .<\/p>\n<p>Enfin, le pr\u00e9sident du Conseil d&rsquo;Administration de la Plaza de Toros, Indalecio Sobrino, a assur\u00e9 que la foire 2024 sera \u00ab extraordinaire \u00bb comme elles l&rsquo;ont toutes \u00e9t\u00e9 ces derni\u00e8res ann\u00e9es et a appr\u00e9ci\u00e9 le travail commun pour se positionner comme la foire de le nord .<\/p>\n<\/div><\/div><\/div><\/div><\/div><\/div><\/section>\n","protected":false},"excerpt":{"rendered":"Santander c\u00e9l\u00e9brera la Foire taurine de Santiago 2024 du 20 au 26 juillet et mettra en vedette des figures importantes de la tauromachie actuelle comme Roca Rey, Morante, Cayetano, Juan Ortega, Pablo Aguado ou Daniel Luque, ainsi que les taureaux des \u00e9levages d&rsquo;Antonio Ba\u00f1uelos, La Quinta et Domingo Hern\u00e1ndez. C&rsquo;est ce qu&rsquo;a annonc\u00e9 la mairesse,...","protected":false},"author":2,"featured_media":170,"comment_status":"open","ping_status":"open","sticky":false,"template":"","format":"standard","meta":{"footnotes":""},"categories":[65],"tags":[],"class_list":["post-400","post","type-post","status-publish","format-standard","has-post-thumbnail","hentry","category-informations"],"yoast_head":"<!-- This site is optimized with the Yoast SEO plugin v27.4 - https:\/\/yoast.com\/product\/yoast-seo-wordpress\/ -->\n<title>Dates de la f\u00e9ria taurine de Santander - Plaza Toros Santander<\/title>\n<meta name=\"robots\" content=\"index, follow, max-snippet:-1, max-image-preview:large, max-video-preview:-1\" \/>\n<link rel=\"canonical\" href=\"https:\/\/plazadetorosdesantander.com\/fr\/dates-de-la-foire-taurine-de-santander\/\" \/>\n<meta property=\"og:locale\" content=\"fr_FR\" \/>\n<meta property=\"og:type\" content=\"article\" \/>\n<meta property=\"og:title\" content=\"Dates de la f\u00e9ria taurine de Santander - Plaza Toros Santander\" \/>\n<meta property=\"og:url\" content=\"https:\/\/plazadetorosdesantander.com\/fr\/dates-de-la-foire-taurine-de-santander\/\" \/>\n<meta property=\"og:site_name\" content=\"Plaza Toros Santander\" \/>\n<meta property=\"article:published_time\" content=\"2024-04-04T07:46:21+00:00\" \/>\n<meta property=\"article:modified_time\" content=\"2024-04-22T07:44:58+00:00\" \/>\n<meta property=\"og:image\" content=\"https:\/\/plazadetorosdesantander.com\/wp-content\/uploads\/2024\/04\/alcaidesa-3-1100x549-1.jpg\" \/>\n\t<meta property=\"og:image:width\" content=\"1100\" \/>\n\t<meta property=\"og:image:height\" content=\"549\" \/>\n\t<meta property=\"og:image:type\" content=\"image\/jpeg\" \/>\n<meta name=\"author\" content=\"Javier\" \/>\n<meta name=\"twitter:card\" content=\"summary_large_image\" \/>\n<meta name=\"twitter:label1\" content=\"\u00c9crit par\" \/>\n\t<meta name=\"twitter:data1\" content=\"Javier\" \/>\n\t<meta name=\"twitter:label2\" content=\"Dur\u00e9e de lecture estim\u00e9e\" \/>\n\t<meta name=\"twitter:data2\" content=\"3 minutes\" \/>\n<script type=\"application\/ld+json\" class=\"yoast-schema-graph\">{\"@context\":\"https:\\\/\\\/schema.org\",\"@graph\":[{\"@type\":\"Article\",\"@id\":\"https:\\\/\\\/plazadetorosdesantander.com\\\/fr\\\/dates-de-la-foire-taurine-de-santander\\\/#article\",\"isPartOf\":{\"@id\":\"https:\\\/\\\/plazadetorosdesantander.com\\\/fr\\\/dates-de-la-foire-taurine-de-santander\\\/\"},\"author\":{\"name\":\"Javier\",\"@id\":\"https:\\\/\\\/plazadetorosdesantander.com\\\/fr\\\/#\\\/schema\\\/person\\\/6fb84d97b8d6f373cd1da4ba7192f0c5\"},\"headline\":\"Dates de la f\u00e9ria taurine de Santander\",\"datePublished\":\"2024-04-04T07:46:21+00:00\",\"dateModified\":\"2024-04-22T07:44:58+00:00\",\"mainEntityOfPage\":{\"@id\":\"https:\\\/\\\/plazadetorosdesantander.com\\\/fr\\\/dates-de-la-foire-taurine-de-santander\\\/\"},\"wordCount\":585,\"commentCount\":0,\"image\":{\"@id\":\"https:\\\/\\\/plazadetorosdesantander.com\\\/fr\\\/dates-de-la-foire-taurine-de-santander\\\/#primaryimage\"},\"thumbnailUrl\":\"https:\\\/\\\/plazadetorosdesantander.com\\\/wp-content\\\/uploads\\\/2024\\\/04\\\/alcaidesa-3-1100x549-1.jpg\",\"articleSection\":[\"informations\"],\"inLanguage\":\"fr-FR\",\"potentialAction\":[{\"@type\":\"CommentAction\",\"name\":\"Comment\",\"target\":[\"https:\\\/\\\/plazadetorosdesantander.com\\\/fr\\\/dates-de-la-foire-taurine-de-santander\\\/#respond\"]}]},{\"@type\":\"WebPage\",\"@id\":\"https:\\\/\\\/plazadetorosdesantander.com\\\/fr\\\/dates-de-la-foire-taurine-de-santander\\\/\",\"url\":\"https:\\\/\\\/plazadetorosdesantander.com\\\/fr\\\/dates-de-la-foire-taurine-de-santander\\\/\",\"name\":\"Dates de la f\u00e9ria taurine de Santander - Plaza Toros Santander\",\"isPartOf\":{\"@id\":\"https:\\\/\\\/plazadetorosdesantander.com\\\/fr\\\/#website\"},\"primaryImageOfPage\":{\"@id\":\"https:\\\/\\\/plazadetorosdesantander.com\\\/fr\\\/dates-de-la-foire-taurine-de-santander\\\/#primaryimage\"},\"image\":{\"@id\":\"https:\\\/\\\/plazadetorosdesantander.com\\\/fr\\\/dates-de-la-foire-taurine-de-santander\\\/#primaryimage\"},\"thumbnailUrl\":\"https:\\\/\\\/plazadetorosdesantander.com\\\/wp-content\\\/uploads\\\/2024\\\/04\\\/alcaidesa-3-1100x549-1.jpg\",\"datePublished\":\"2024-04-04T07:46:21+00:00\",\"dateModified\":\"2024-04-22T07:44:58+00:00\",\"author\":{\"@id\":\"https:\\\/\\\/plazadetorosdesantander.com\\\/fr\\\/#\\\/schema\\\/person\\\/6fb84d97b8d6f373cd1da4ba7192f0c5\"},\"breadcrumb\":{\"@id\":\"https:\\\/\\\/plazadetorosdesantander.com\\\/fr\\\/dates-de-la-foire-taurine-de-santander\\\/#breadcrumb\"},\"inLanguage\":\"fr-FR\",\"potentialAction\":[{\"@type\":\"ReadAction\",\"target\":[\"https:\\\/\\\/plazadetorosdesantander.com\\\/fr\\\/dates-de-la-foire-taurine-de-santander\\\/\"]}]},{\"@type\":\"ImageObject\",\"inLanguage\":\"fr-FR\",\"@id\":\"https:\\\/\\\/plazadetorosdesantander.com\\\/fr\\\/dates-de-la-foire-taurine-de-santander\\\/#primaryimage\",\"url\":\"https:\\\/\\\/plazadetorosdesantander.com\\\/wp-content\\\/uploads\\\/2024\\\/04\\\/alcaidesa-3-1100x549-1.jpg\",\"contentUrl\":\"https:\\\/\\\/plazadetorosdesantander.com\\\/wp-content\\\/uploads\\\/2024\\\/04\\\/alcaidesa-3-1100x549-1.jpg\",\"width\":1100,\"height\":549},{\"@type\":\"BreadcrumbList\",\"@id\":\"https:\\\/\\\/plazadetorosdesantander.com\\\/fr\\\/dates-de-la-foire-taurine-de-santander\\\/#breadcrumb\",\"itemListElement\":[{\"@type\":\"ListItem\",\"position\":1,\"name\":\"Portada\",\"item\":\"https:\\\/\\\/plazadetorosdesantander.com\\\/fr\\\/accueil\\\/\"},{\"@type\":\"ListItem\",\"position\":2,\"name\":\"Dates de la f\u00e9ria taurine de Santander\"}]},{\"@type\":\"WebSite\",\"@id\":\"https:\\\/\\\/plazadetorosdesantander.com\\\/fr\\\/#website\",\"url\":\"https:\\\/\\\/plazadetorosdesantander.com\\\/fr\\\/\",\"name\":\"Plaza Toros Santander\",\"description\":\"P\u00e1gina oficial Plaza de Toros Santander\",\"potentialAction\":[{\"@type\":\"SearchAction\",\"target\":{\"@type\":\"EntryPoint\",\"urlTemplate\":\"https:\\\/\\\/plazadetorosdesantander.com\\\/fr\\\/?s={search_term_string}\"},\"query-input\":{\"@type\":\"PropertyValueSpecification\",\"valueRequired\":true,\"valueName\":\"search_term_string\"}}],\"inLanguage\":\"fr-FR\"},{\"@type\":\"Person\",\"@id\":\"https:\\\/\\\/plazadetorosdesantander.com\\\/fr\\\/#\\\/schema\\\/person\\\/6fb84d97b8d6f373cd1da4ba7192f0c5\",\"name\":\"Javier\",\"image\":{\"@type\":\"ImageObject\",\"inLanguage\":\"fr-FR\",\"@id\":\"https:\\\/\\\/plazadetorosdesantander.com\\\/wp-content\\\/litespeed\\\/avatar\\\/784dc806a7d23845afc4e9cc8c15fe87.jpg?ver=1776882754\",\"url\":\"https:\\\/\\\/plazadetorosdesantander.com\\\/wp-content\\\/litespeed\\\/avatar\\\/784dc806a7d23845afc4e9cc8c15fe87.jpg?ver=1776882754\",\"contentUrl\":\"https:\\\/\\\/plazadetorosdesantander.com\\\/wp-content\\\/litespeed\\\/avatar\\\/784dc806a7d23845afc4e9cc8c15fe87.jpg?ver=1776882754\",\"caption\":\"Javier\"},\"url\":\"https:\\\/\\\/plazadetorosdesantander.com\\\/fr\\\/author\\\/javier\\\/\"}]}<\/script>\n<!-- \/ Yoast SEO plugin. -->","yoast_head_json":{"title":"Dates de la f\u00e9ria taurine de Santander - Plaza Toros Santander","robots":{"index":"index","follow":"follow","max-snippet":"max-snippet:-1","max-image-preview":"max-image-preview:large","max-video-preview":"max-video-preview:-1"},"canonical":"https:\/\/plazadetorosdesantander.com\/fr\/dates-de-la-foire-taurine-de-santander\/","og_locale":"fr_FR","og_type":"article","og_title":"Dates de la f\u00e9ria taurine de Santander - Plaza Toros Santander","og_url":"https:\/\/plazadetorosdesantander.com\/fr\/dates-de-la-foire-taurine-de-santander\/","og_site_name":"Plaza Toros Santander","article_published_time":"2024-04-04T07:46:21+00:00","article_modified_time":"2024-04-22T07:44:58+00:00","og_image":[{"width":1100,"height":549,"url":"https:\/\/plazadetorosdesantander.com\/wp-content\/uploads\/2024\/04\/alcaidesa-3-1100x549-1.jpg","type":"image\/jpeg"}],"author":"Javier","twitter_card":"summary_large_image","twitter_misc":{"\u00c9crit par":"Javier","Dur\u00e9e de lecture estim\u00e9e":"3 minutes"},"schema":{"@context":"https:\/\/schema.org","@graph":[{"@type":"Article","@id":"https:\/\/plazadetorosdesantander.com\/fr\/dates-de-la-foire-taurine-de-santander\/#article","isPartOf":{"@id":"https:\/\/plazadetorosdesantander.com\/fr\/dates-de-la-foire-taurine-de-santander\/"},"author":{"name":"Javier","@id":"https:\/\/plazadetorosdesantander.com\/fr\/#\/schema\/person\/6fb84d97b8d6f373cd1da4ba7192f0c5"},"headline":"Dates de la f\u00e9ria taurine de Santander","datePublished":"2024-04-04T07:46:21+00:00","dateModified":"2024-04-22T07:44:58+00:00","mainEntityOfPage":{"@id":"https:\/\/plazadetorosdesantander.com\/fr\/dates-de-la-foire-taurine-de-santander\/"},"wordCount":585,"commentCount":0,"image":{"@id":"https:\/\/plazadetorosdesantander.com\/fr\/dates-de-la-foire-taurine-de-santander\/#primaryimage"},"thumbnailUrl":"https:\/\/plazadetorosdesantander.com\/wp-content\/uploads\/2024\/04\/alcaidesa-3-1100x549-1.jpg","articleSection":["informations"],"inLanguage":"fr-FR","potentialAction":[{"@type":"CommentAction","name":"Comment","target":["https:\/\/plazadetorosdesantander.com\/fr\/dates-de-la-foire-taurine-de-santander\/#respond"]}]},{"@type":"WebPage","@id":"https:\/\/plazadetorosdesantander.com\/fr\/dates-de-la-foire-taurine-de-santander\/","url":"https:\/\/plazadetorosdesantander.com\/fr\/dates-de-la-foire-taurine-de-santander\/","name":"Dates de la f\u00e9ria taurine de Santander - Plaza Toros Santander","isPartOf":{"@id":"https:\/\/plazadetorosdesantander.com\/fr\/#website"},"primaryImageOfPage":{"@id":"https:\/\/plazadetorosdesantander.com\/fr\/dates-de-la-foire-taurine-de-santander\/#primaryimage"},"image":{"@id":"https:\/\/plazadetorosdesantander.com\/fr\/dates-de-la-foire-taurine-de-santander\/#primaryimage"},"thumbnailUrl":"https:\/\/plazadetorosdesantander.com\/wp-content\/uploads\/2024\/04\/alcaidesa-3-1100x549-1.jpg","datePublished":"2024-04-04T07:46:21+00:00","dateModified":"2024-04-22T07:44:58+00:00","author":{"@id":"https:\/\/plazadetorosdesantander.com\/fr\/#\/schema\/person\/6fb84d97b8d6f373cd1da4ba7192f0c5"},"breadcrumb":{"@id":"https:\/\/plazadetorosdesantander.com\/fr\/dates-de-la-foire-taurine-de-santander\/#breadcrumb"},"inLanguage":"fr-FR","potentialAction":[{"@type":"ReadAction","target":["https:\/\/plazadetorosdesantander.com\/fr\/dates-de-la-foire-taurine-de-santander\/"]}]},{"@type":"ImageObject","inLanguage":"fr-FR","@id":"https:\/\/plazadetorosdesantander.com\/fr\/dates-de-la-foire-taurine-de-santander\/#primaryimage","url":"https:\/\/plazadetorosdesantander.com\/wp-content\/uploads\/2024\/04\/alcaidesa-3-1100x549-1.jpg","contentUrl":"https:\/\/plazadetorosdesantander.com\/wp-content\/uploads\/2024\/04\/alcaidesa-3-1100x549-1.jpg","width":1100,"height":549},{"@type":"BreadcrumbList","@id":"https:\/\/plazadetorosdesantander.com\/fr\/dates-de-la-foire-taurine-de-santander\/#breadcrumb","itemListElement":[{"@type":"ListItem","position":1,"name":"Portada","item":"https:\/\/plazadetorosdesantander.com\/fr\/accueil\/"},{"@type":"ListItem","position":2,"name":"Dates de la f\u00e9ria taurine de Santander"}]},{"@type":"WebSite","@id":"https:\/\/plazadetorosdesantander.com\/fr\/#website","url":"https:\/\/plazadetorosdesantander.com\/fr\/","name":"Plaza Toros Santander","description":"P\u00e1gina oficial Plaza de Toros Santander","potentialAction":[{"@type":"SearchAction","target":{"@type":"EntryPoint","urlTemplate":"https:\/\/plazadetorosdesantander.com\/fr\/?s={search_term_string}"},"query-input":{"@type":"PropertyValueSpecification","valueRequired":true,"valueName":"search_term_string"}}],"inLanguage":"fr-FR"},{"@type":"Person","@id":"https:\/\/plazadetorosdesantander.com\/fr\/#\/schema\/person\/6fb84d97b8d6f373cd1da4ba7192f0c5","name":"Javier","image":{"@type":"ImageObject","inLanguage":"fr-FR","@id":"https:\/\/plazadetorosdesantander.com\/wp-content\/litespeed\/avatar\/784dc806a7d23845afc4e9cc8c15fe87.jpg?ver=1776882754","url":"https:\/\/plazadetorosdesantander.com\/wp-content\/litespeed\/avatar\/784dc806a7d23845afc4e9cc8c15fe87.jpg?ver=1776882754","contentUrl":"https:\/\/plazadetorosdesantander.com\/wp-content\/litespeed\/avatar\/784dc806a7d23845afc4e9cc8c15fe87.jpg?ver=1776882754","caption":"Javier"},"url":"https:\/\/plazadetorosdesantander.com\/fr\/author\/javier\/"}]}},"_links":{"self":[{"href":"https:\/\/plazadetorosdesantander.com\/fr\/wp-json\/wp\/v2\/posts\/400","targetHints":{"allow":["GET"]}}],"collection":[{"href":"https:\/\/plazadetorosdesantander.com\/fr\/wp-json\/wp\/v2\/posts"}],"about":[{"href":"https:\/\/plazadetorosdesantander.com\/fr\/wp-json\/wp\/v2\/types\/post"}],"author":[{"embeddable":true,"href":"https:\/\/plazadetorosdesantander.com\/fr\/wp-json\/wp\/v2\/users\/2"}],"replies":[{"embeddable":true,"href":"https:\/\/plazadetorosdesantander.com\/fr\/wp-json\/wp\/v2\/comments?post=400"}],"version-history":[{"count":5,"href":"https:\/\/plazadetorosdesantander.com\/fr\/wp-json\/wp\/v2\/posts\/400\/revisions"}],"predecessor-version":[{"id":486,"href":"https:\/\/plazadetorosdesantander.com\/fr\/wp-json\/wp\/v2\/posts\/400\/revisions\/486"}],"wp:featuredmedia":[{"embeddable":true,"href":"https:\/\/plazadetorosdesantander.com\/fr\/wp-json\/wp\/v2\/media\/170"}],"wp:attachment":[{"href":"https:\/\/plazadetorosdesantander.com\/fr\/wp-json\/wp\/v2\/media?parent=400"}],"wp:term":[{"taxonomy":"category","embeddable":true,"href":"https:\/\/plazadetorosdesantander.com\/fr\/wp-json\/wp\/v2\/categories?post=400"},{"taxonomy":"post_tag","embeddable":true,"href":"https:\/\/plazadetorosdesantander.com\/fr\/wp-json\/wp\/v2\/tags?post=400"}],"curies":[{"name":"wp","href":"https:\/\/api.w.org\/{rel}","templated":true}]}}