{"id":562,"date":"2024-05-13T14:39:39","date_gmt":"2024-05-13T14:39:39","guid":{"rendered":"https:\/\/plazadetorosdesantander.com\/presentation-de-laffiche-des-taureaux-de-santander-2024\/"},"modified":"2024-05-30T10:19:00","modified_gmt":"2024-05-30T10:19:00","slug":"presentation-de-laffiche-des-taureaux-de-santander-2024","status":"publish","type":"post","link":"https:\/\/plazadetorosdesantander.com\/fr\/presentation-de-laffiche-des-taureaux-de-santander-2024\/","title":{"rendered":"Pr\u00e9sentation de l&rsquo;affiche des taureaux de Santander 2024"},"content":{"rendered":"<section class=\"l-section wpb_row height_medium\"><div class=\"l-section-h i-cf\"><div class=\"g-cols vc_row via_grid cols_1 laptops-cols_inherit tablets-cols_inherit mobiles-cols_1 valign_top type_default stacking_default\"><div class=\"wpb_column vc_column_container\"><div class=\"vc_column-inner\"><div class=\"wpb_text_column\"><div class=\"wpb_wrapper\"><p>La Foire de Santiago 2024 \u00e0 Santander proposera <strong>cinq corridas, une avec corridas et une corrida avec picadors, entre le 20 et le 26 juillet <\/strong> dans les ar\u00e8nes de Cuatro Caminos. C&rsquo;est ce qu&rsquo;ont annonc\u00e9 la maire Gema Igual et Jos\u00e9 Mar\u00eda Garz\u00f3n, directeur de la soci\u00e9t\u00e9 qui g\u00e8re la place, Lances de Futuro, lors du gala organis\u00e9 au th\u00e9\u00e2tre Casyc, avec salle comble, au cours duquel l&rsquo;affiche a \u00e9t\u00e9 pr\u00e9sent\u00e9e.<\/p>\n<p>&nbsp;<\/p>\n\n<table id=\"tablepress-3\" class=\"tablepress tablepress-id-3\">\n<thead>\n<tr class=\"row-1\">\n\t<th class=\"column-1\">\u00c9v\u00e9nement taurin<\/th><th class=\"column-2\">Jour<\/th><th class=\"column-3\">Toreros qui participent<\/th>\n<\/tr>\n<\/thead>\n<tbody class=\"row-striping row-hover\">\n<tr class=\"row-2\">\n\t<td class=\"column-1\">Novillada<\/td><td class=\"column-2\">19 juillet<br \/>\n<\/td><td class=\"column-3\">El Parralejo para Diego Bastos, Bruno Aloi y El Mene<\/td>\n<\/tr>\n<tr class=\"row-3\">\n\t<td class=\"column-1\">Course de taureaux<\/td><td class=\"column-2\">20 juillet<br \/>\n<\/td><td class=\"column-3\">Los Espartales para Andy Cartagena y Diego Ventura<\/td>\n<\/tr>\n<tr class=\"row-4\">\n\t<td class=\"column-1\">Course de taureaux<\/td><td class=\"column-2\">21 juillet<br \/>\n<\/td><td class=\"column-3\">Juan Pedro Domecq para Fortes, Fernando Adri\u00e1n y Borja Jim\u00e9nez<\/td>\n<\/tr>\n<tr class=\"row-5\">\n\t<td class=\"column-1\">Course de taureaux<\/td><td class=\"column-2\">22 juillet<br \/>\n<\/td><td class=\"column-3\">Miura para Escribano, Galv\u00e1n y Casta\u00f1o<\/td>\n<\/tr>\n<tr class=\"row-6\">\n\t<td class=\"column-1\">Course de taureaux<\/td><td class=\"column-2\">23 juillet<br \/>\n<\/td><td class=\"column-3\">El Pilar, Hern\u00e1ndez y N\u00fa\u00f1ez para Morante y Ortega<\/td>\n<\/tr>\n<tr class=\"row-7\">\n\t<td class=\"column-1\">Course de taureaux<\/td><td class=\"column-2\">24 juillet<br \/>\n<\/td><td class=\"column-3\">El Puerto de San Lorenzo\/La Ventana del Puerto para Talavante, De Justo y Marco P\u00e9rez<\/td>\n<\/tr>\n<tr class=\"row-8\">\n\t<td class=\"column-1\">Course de taureaux<\/td><td class=\"column-2\">25 juillet<br \/>\n<\/td><td class=\"column-3\">Victorino Mart\u00edn para El Cid, Roca Rey y Jarocho<\/td>\n<\/tr>\n<tr class=\"row-9\">\n\t<td class=\"column-1\">Course de taureaux<\/td><td class=\"column-2\">26 juillet<br \/>\n<\/td><td class=\"column-3\">Domingo Hern\u00e1ndez para Cayetano, Ortega y Roca Rey<\/td>\n<\/tr>\n<\/tbody>\n<\/table>\n<!-- #tablepress-3 from cache -->\n<\/div><\/div><div class=\"w-image align_none\"><div class=\"w-image-h\"><img decoding=\"async\" width=\"902\" height=\"1024\" src=\"https:\/\/plazadetorosdesantander.com\/wp-content\/uploads\/2024\/05\/Presentacion-Santander-902x1024.webp\" class=\"attachment-large size-large\" alt=\"r\u00e9v\u00e9lation de l&#039;affiche taurine 2024\" loading=\"lazy\" srcset=\"https:\/\/plazadetorosdesantander.com\/wp-content\/uploads\/2024\/05\/Presentacion-Santander-902x1024.webp 902w, https:\/\/plazadetorosdesantander.com\/wp-content\/uploads\/2024\/05\/Presentacion-Santander-264x300.webp 264w, https:\/\/plazadetorosdesantander.com\/wp-content\/uploads\/2024\/05\/Presentacion-Santander-600x681.webp 600w, https:\/\/plazadetorosdesantander.com\/wp-content\/uploads\/2024\/05\/Presentacion-Santander.webp 1000w\" sizes=\"auto, (max-width: 902px) 100vw, 902px\" \/><\/div><\/div><div class=\"w-separator size_medium\"><\/div><div class=\"g-cols wpb_row via_grid cols_2 laptops-cols_inherit tablets-cols_inherit mobiles-cols_1 valign_middle type_default stacking_default\" style=\"--columns-gap:3rem;\"><div class=\"wpb_column vc_column_container\"><div class=\"vc_column-inner\"><div class=\"wpb_text_column\"><div class=\"wpb_wrapper\"><p>Jos\u00e9 Mar\u00eda Garz\u00f3n a assur\u00e9 que cette foire 2024 est un \u00ab festival \u00bb, puisque se r\u00e9unissent les plus grandes figures du moment, et o\u00f9 l&rsquo;on vivra s\u00fbrement des apr\u00e8s-midi tr\u00e8s sp\u00e9ciaux, comme les adieux de deux figures taurines, le rejoneador Pablo Hermoso de Mendoza. , et le torero Enrique Ponce.<\/p>\n<\/div><\/div><\/div><\/div><div class=\"wpb_column vc_column_container\"><div class=\"vc_column-inner\"><div class=\"w-image align_none\"><div class=\"w-image-h\"><img decoding=\"async\" width=\"900\" height=\"644\" src=\"https:\/\/plazadetorosdesantander.com\/wp-content\/uploads\/2024\/05\/presentacion.webp\" class=\"attachment-large size-large\" alt=\"\" loading=\"lazy\" srcset=\"https:\/\/plazadetorosdesantander.com\/wp-content\/uploads\/2024\/05\/presentacion.webp 900w, https:\/\/plazadetorosdesantander.com\/wp-content\/uploads\/2024\/05\/presentacion-300x215.webp 300w, https:\/\/plazadetorosdesantander.com\/wp-content\/uploads\/2024\/05\/presentacion-600x429.webp 600w\" sizes=\"auto, (max-width: 900px) 100vw, 900px\" \/><\/div><\/div><\/div><\/div><\/div><\/div><\/div><\/div><\/div><\/section><section class=\"l-section wpb_row height_medium\"><div class=\"l-section-h i-cf\"><div class=\"g-cols vc_row via_grid cols_1 laptops-cols_inherit tablets-cols_inherit mobiles-cols_1 valign_top type_default stacking_default\"><div class=\"wpb_column vc_column_container\"><div class=\"vc_column-inner\"><div class=\"wpb_text_column\"><div class=\"wpb_wrapper\"><p>Il a pr\u00e9cis\u00e9 que Morante, Juan Ortega, Cayetano, Talavante, Roca Rey, Rufo, Luque, Gin\u00e9s Mar\u00edn, Manzanares, Perera, Guillermo Hermoso, etc. seront l\u00e0, et ce sans oublier l&rsquo;engagement de Lances de Futuro \u00ab pour les jeunes valeurs \u00bb. \u200b\u200ben organisant un an plus une corrida avec les picadors Naval\u00f3n, Marco P\u00e9rez et Zulueta. \u00ab\u00a0Nous faisons encore une fois un grand effort pour concevoir une foire avec de nombreuses incitations et \u00e0 la hauteur d&rsquo;un hobby comme celle de Santander\u00a0\u00bb, a-t-il soulign\u00e9.<\/p>\n<\/div><\/div><\/div><\/div><\/div><\/div><\/section>\n","protected":false},"excerpt":{"rendered":"La Foire de Santiago 2024 \u00e0 Santander proposera cinq corridas, une avec corridas et une corrida avec picadors, entre le 20 et le 26 juillet dans les ar\u00e8nes de Cuatro Caminos. C&rsquo;est ce qu&rsquo;ont annonc\u00e9 la maire Gema Igual et Jos\u00e9 Mar\u00eda Garz\u00f3n, directeur de la soci\u00e9t\u00e9 qui g\u00e8re la place, Lances de Futuro, lors...","protected":false},"author":2,"featured_media":544,"comment_status":"open","ping_status":"open","sticky":false,"template":"","format":"standard","meta":{"footnotes":""},"categories":[65],"tags":[],"class_list":["post-562","post","type-post","status-publish","format-standard","has-post-thumbnail","hentry","category-informations"],"yoast_head":"<!-- This site is optimized with the Yoast SEO plugin v27.4 - https:\/\/yoast.com\/product\/yoast-seo-wordpress\/ -->\n<title>Pr\u00e9sentation de l&#039;affiche des taureaux de Santander 2024<\/title>\n<meta name=\"description\" content=\"D\u00e9couvrez la nouvelle affiche de la foire taurine de Santander 2024. 7 jours d&#039;\u00e9v\u00e9nements taurins pour profiter de la tauromachie.\" \/>\n<meta name=\"robots\" content=\"index, follow, max-snippet:-1, max-image-preview:large, max-video-preview:-1\" \/>\n<link rel=\"canonical\" href=\"https:\/\/plazadetorosdesantander.com\/fr\/taureaux-de-santander-affiche\/\" \/>\n<meta property=\"og:locale\" content=\"fr_FR\" \/>\n<meta property=\"og:type\" content=\"article\" \/>\n<meta property=\"og:title\" content=\"Pr\u00e9sentation de l&#039;affiche des taureaux de Santander 2024\" \/>\n<meta property=\"og:description\" content=\"D\u00e9couvrez la nouvelle affiche de la foire taurine de Santander 2024. 7 jours d&#039;\u00e9v\u00e9nements taurins pour profiter de la tauromachie.\" \/>\n<meta property=\"og:url\" content=\"https:\/\/plazadetorosdesantander.com\/fr\/taureaux-de-santander-affiche\/\" \/>\n<meta property=\"og:site_name\" content=\"Plaza Toros Santander\" \/>\n<meta property=\"article:published_time\" content=\"2024-05-13T14:39:39+00:00\" \/>\n<meta property=\"article:modified_time\" content=\"2024-05-30T10:19:00+00:00\" \/>\n<meta property=\"og:image\" content=\"https:\/\/plazadetorosdesantander.com\/wp-content\/uploads\/2024\/05\/presentacion-cartel-santander.webp\" \/>\n\t<meta property=\"og:image:width\" content=\"1100\" \/>\n\t<meta property=\"og:image:height\" content=\"733\" \/>\n\t<meta property=\"og:image:type\" content=\"image\/webp\" \/>\n<meta name=\"author\" content=\"Javier\" \/>\n<meta name=\"twitter:card\" content=\"summary_large_image\" \/>\n<meta name=\"twitter:label1\" content=\"\u00c9crit par\" \/>\n\t<meta name=\"twitter:data1\" content=\"Javier\" \/>\n\t<meta name=\"twitter:label2\" content=\"Dur\u00e9e de lecture estim\u00e9e\" \/>\n\t<meta name=\"twitter:data2\" content=\"2 minutes\" \/>\n<script type=\"application\/ld+json\" class=\"yoast-schema-graph\">{\"@context\":\"https:\\\/\\\/schema.org\",\"@graph\":[{\"@type\":\"Article\",\"@id\":\"https:\\\/\\\/plazadetorosdesantander.com\\\/fr\\\/taureaux-de-santander-affiche\\\/#article\",\"isPartOf\":{\"@id\":\"https:\\\/\\\/plazadetorosdesantander.com\\\/fr\\\/presentation-de-laffiche-des-taureaux-de-santander-2024\\\/\"},\"author\":{\"name\":\"Javier\",\"@id\":\"https:\\\/\\\/plazadetorosdesantander.com\\\/fr\\\/#\\\/schema\\\/person\\\/6fb84d97b8d6f373cd1da4ba7192f0c5\"},\"headline\":\"Pr\u00e9sentation de l&rsquo;affiche des taureaux de Santander 2024\",\"datePublished\":\"2024-05-13T14:39:39+00:00\",\"dateModified\":\"2024-05-30T10:19:00+00:00\",\"mainEntityOfPage\":{\"@id\":\"https:\\\/\\\/plazadetorosdesantander.com\\\/fr\\\/presentation-de-laffiche-des-taureaux-de-santander-2024\\\/\"},\"wordCount\":299,\"commentCount\":0,\"image\":{\"@id\":\"https:\\\/\\\/plazadetorosdesantander.com\\\/fr\\\/taureaux-de-santander-affiche\\\/#primaryimage\"},\"thumbnailUrl\":\"https:\\\/\\\/plazadetorosdesantander.com\\\/wp-content\\\/uploads\\\/2024\\\/05\\\/presentacion-cartel-santander.webp\",\"articleSection\":[\"informations\"],\"inLanguage\":\"fr-FR\",\"potentialAction\":[{\"@type\":\"CommentAction\",\"name\":\"Comment\",\"target\":[\"https:\\\/\\\/plazadetorosdesantander.com\\\/fr\\\/taureaux-de-santander-affiche\\\/#respond\"]}]},{\"@type\":\"WebPage\",\"@id\":\"https:\\\/\\\/plazadetorosdesantander.com\\\/fr\\\/presentation-de-laffiche-des-taureaux-de-santander-2024\\\/\",\"url\":\"https:\\\/\\\/plazadetorosdesantander.com\\\/fr\\\/taureaux-de-santander-affiche\\\/\",\"name\":\"Pr\u00e9sentation de l'affiche des taureaux de Santander 2024\",\"isPartOf\":{\"@id\":\"https:\\\/\\\/plazadetorosdesantander.com\\\/fr\\\/#website\"},\"primaryImageOfPage\":{\"@id\":\"https:\\\/\\\/plazadetorosdesantander.com\\\/fr\\\/taureaux-de-santander-affiche\\\/#primaryimage\"},\"image\":{\"@id\":\"https:\\\/\\\/plazadetorosdesantander.com\\\/fr\\\/taureaux-de-santander-affiche\\\/#primaryimage\"},\"thumbnailUrl\":\"https:\\\/\\\/plazadetorosdesantander.com\\\/wp-content\\\/uploads\\\/2024\\\/05\\\/presentacion-cartel-santander.webp\",\"datePublished\":\"2024-05-13T14:39:39+00:00\",\"dateModified\":\"2024-05-30T10:19:00+00:00\",\"author\":{\"@id\":\"https:\\\/\\\/plazadetorosdesantander.com\\\/fr\\\/#\\\/schema\\\/person\\\/6fb84d97b8d6f373cd1da4ba7192f0c5\"},\"description\":\"D\u00e9couvrez la nouvelle affiche de la foire taurine de Santander 2024. 7 jours d'\u00e9v\u00e9nements taurins pour profiter de la tauromachie.\",\"breadcrumb\":{\"@id\":\"https:\\\/\\\/plazadetorosdesantander.com\\\/fr\\\/taureaux-de-santander-affiche\\\/#breadcrumb\"},\"inLanguage\":\"fr-FR\",\"potentialAction\":[{\"@type\":\"ReadAction\",\"target\":[\"https:\\\/\\\/plazadetorosdesantander.com\\\/fr\\\/taureaux-de-santander-affiche\\\/\"]}]},{\"@type\":\"ImageObject\",\"inLanguage\":\"fr-FR\",\"@id\":\"https:\\\/\\\/plazadetorosdesantander.com\\\/fr\\\/taureaux-de-santander-affiche\\\/#primaryimage\",\"url\":\"https:\\\/\\\/plazadetorosdesantander.com\\\/wp-content\\\/uploads\\\/2024\\\/05\\\/presentacion-cartel-santander.webp\",\"contentUrl\":\"https:\\\/\\\/plazadetorosdesantander.com\\\/wp-content\\\/uploads\\\/2024\\\/05\\\/presentacion-cartel-santander.webp\",\"width\":1100,\"height\":733,\"caption\":\"affiche taureaux santander 2024\"},{\"@type\":\"BreadcrumbList\",\"@id\":\"https:\\\/\\\/plazadetorosdesantander.com\\\/fr\\\/taureaux-de-santander-affiche\\\/#breadcrumb\",\"itemListElement\":[{\"@type\":\"ListItem\",\"position\":1,\"name\":\"Portada\",\"item\":\"https:\\\/\\\/plazadetorosdesantander.com\\\/fr\\\/accueil\\\/\"},{\"@type\":\"ListItem\",\"position\":2,\"name\":\"Pr\u00e9sentation de l&#8217;affiche des taureaux de Santander 2024\"}]},{\"@type\":\"WebSite\",\"@id\":\"https:\\\/\\\/plazadetorosdesantander.com\\\/fr\\\/#website\",\"url\":\"https:\\\/\\\/plazadetorosdesantander.com\\\/fr\\\/\",\"name\":\"Plaza Toros Santander\",\"description\":\"P\u00e1gina oficial Plaza de Toros Santander\",\"potentialAction\":[{\"@type\":\"SearchAction\",\"target\":{\"@type\":\"EntryPoint\",\"urlTemplate\":\"https:\\\/\\\/plazadetorosdesantander.com\\\/fr\\\/?s={search_term_string}\"},\"query-input\":{\"@type\":\"PropertyValueSpecification\",\"valueRequired\":true,\"valueName\":\"search_term_string\"}}],\"inLanguage\":\"fr-FR\"},{\"@type\":\"Person\",\"@id\":\"https:\\\/\\\/plazadetorosdesantander.com\\\/fr\\\/#\\\/schema\\\/person\\\/6fb84d97b8d6f373cd1da4ba7192f0c5\",\"name\":\"Javier\",\"image\":{\"@type\":\"ImageObject\",\"inLanguage\":\"fr-FR\",\"@id\":\"https:\\\/\\\/plazadetorosdesantander.com\\\/wp-content\\\/litespeed\\\/avatar\\\/784dc806a7d23845afc4e9cc8c15fe87.jpg?ver=1776882754\",\"url\":\"https:\\\/\\\/plazadetorosdesantander.com\\\/wp-content\\\/litespeed\\\/avatar\\\/784dc806a7d23845afc4e9cc8c15fe87.jpg?ver=1776882754\",\"contentUrl\":\"https:\\\/\\\/plazadetorosdesantander.com\\\/wp-content\\\/litespeed\\\/avatar\\\/784dc806a7d23845afc4e9cc8c15fe87.jpg?ver=1776882754\",\"caption\":\"Javier\"},\"url\":\"https:\\\/\\\/plazadetorosdesantander.com\\\/fr\\\/author\\\/javier\\\/\"}]}<\/script>\n<!-- \/ Yoast SEO plugin. -->","yoast_head_json":{"title":"Pr\u00e9sentation de l'affiche des taureaux de Santander 2024","description":"D\u00e9couvrez la nouvelle affiche de la foire taurine de Santander 2024. 7 jours d'\u00e9v\u00e9nements taurins pour profiter de la tauromachie.","robots":{"index":"index","follow":"follow","max-snippet":"max-snippet:-1","max-image-preview":"max-image-preview:large","max-video-preview":"max-video-preview:-1"},"canonical":"https:\/\/plazadetorosdesantander.com\/fr\/taureaux-de-santander-affiche\/","og_locale":"fr_FR","og_type":"article","og_title":"Pr\u00e9sentation de l'affiche des taureaux de Santander 2024","og_description":"D\u00e9couvrez la nouvelle affiche de la foire taurine de Santander 2024. 7 jours d'\u00e9v\u00e9nements taurins pour profiter de la tauromachie.","og_url":"https:\/\/plazadetorosdesantander.com\/fr\/taureaux-de-santander-affiche\/","og_site_name":"Plaza Toros Santander","article_published_time":"2024-05-13T14:39:39+00:00","article_modified_time":"2024-05-30T10:19:00+00:00","og_image":[{"width":1100,"height":733,"url":"https:\/\/plazadetorosdesantander.com\/wp-content\/uploads\/2024\/05\/presentacion-cartel-santander.webp","type":"image\/webp"}],"author":"Javier","twitter_card":"summary_large_image","twitter_misc":{"\u00c9crit par":"Javier","Dur\u00e9e de lecture estim\u00e9e":"2 minutes"},"schema":{"@context":"https:\/\/schema.org","@graph":[{"@type":"Article","@id":"https:\/\/plazadetorosdesantander.com\/fr\/taureaux-de-santander-affiche\/#article","isPartOf":{"@id":"https:\/\/plazadetorosdesantander.com\/fr\/presentation-de-laffiche-des-taureaux-de-santander-2024\/"},"author":{"name":"Javier","@id":"https:\/\/plazadetorosdesantander.com\/fr\/#\/schema\/person\/6fb84d97b8d6f373cd1da4ba7192f0c5"},"headline":"Pr\u00e9sentation de l&rsquo;affiche des taureaux de Santander 2024","datePublished":"2024-05-13T14:39:39+00:00","dateModified":"2024-05-30T10:19:00+00:00","mainEntityOfPage":{"@id":"https:\/\/plazadetorosdesantander.com\/fr\/presentation-de-laffiche-des-taureaux-de-santander-2024\/"},"wordCount":299,"commentCount":0,"image":{"@id":"https:\/\/plazadetorosdesantander.com\/fr\/taureaux-de-santander-affiche\/#primaryimage"},"thumbnailUrl":"https:\/\/plazadetorosdesantander.com\/wp-content\/uploads\/2024\/05\/presentacion-cartel-santander.webp","articleSection":["informations"],"inLanguage":"fr-FR","potentialAction":[{"@type":"CommentAction","name":"Comment","target":["https:\/\/plazadetorosdesantander.com\/fr\/taureaux-de-santander-affiche\/#respond"]}]},{"@type":"WebPage","@id":"https:\/\/plazadetorosdesantander.com\/fr\/presentation-de-laffiche-des-taureaux-de-santander-2024\/","url":"https:\/\/plazadetorosdesantander.com\/fr\/taureaux-de-santander-affiche\/","name":"Pr\u00e9sentation de l'affiche des taureaux de Santander 2024","isPartOf":{"@id":"https:\/\/plazadetorosdesantander.com\/fr\/#website"},"primaryImageOfPage":{"@id":"https:\/\/plazadetorosdesantander.com\/fr\/taureaux-de-santander-affiche\/#primaryimage"},"image":{"@id":"https:\/\/plazadetorosdesantander.com\/fr\/taureaux-de-santander-affiche\/#primaryimage"},"thumbnailUrl":"https:\/\/plazadetorosdesantander.com\/wp-content\/uploads\/2024\/05\/presentacion-cartel-santander.webp","datePublished":"2024-05-13T14:39:39+00:00","dateModified":"2024-05-30T10:19:00+00:00","author":{"@id":"https:\/\/plazadetorosdesantander.com\/fr\/#\/schema\/person\/6fb84d97b8d6f373cd1da4ba7192f0c5"},"description":"D\u00e9couvrez la nouvelle affiche de la foire taurine de Santander 2024. 7 jours d'\u00e9v\u00e9nements taurins pour profiter de la tauromachie.","breadcrumb":{"@id":"https:\/\/plazadetorosdesantander.com\/fr\/taureaux-de-santander-affiche\/#breadcrumb"},"inLanguage":"fr-FR","potentialAction":[{"@type":"ReadAction","target":["https:\/\/plazadetorosdesantander.com\/fr\/taureaux-de-santander-affiche\/"]}]},{"@type":"ImageObject","inLanguage":"fr-FR","@id":"https:\/\/plazadetorosdesantander.com\/fr\/taureaux-de-santander-affiche\/#primaryimage","url":"https:\/\/plazadetorosdesantander.com\/wp-content\/uploads\/2024\/05\/presentacion-cartel-santander.webp","contentUrl":"https:\/\/plazadetorosdesantander.com\/wp-content\/uploads\/2024\/05\/presentacion-cartel-santander.webp","width":1100,"height":733,"caption":"affiche taureaux santander 2024"},{"@type":"BreadcrumbList","@id":"https:\/\/plazadetorosdesantander.com\/fr\/taureaux-de-santander-affiche\/#breadcrumb","itemListElement":[{"@type":"ListItem","position":1,"name":"Portada","item":"https:\/\/plazadetorosdesantander.com\/fr\/accueil\/"},{"@type":"ListItem","position":2,"name":"Pr\u00e9sentation de l&#8217;affiche des taureaux de Santander 2024"}]},{"@type":"WebSite","@id":"https:\/\/plazadetorosdesantander.com\/fr\/#website","url":"https:\/\/plazadetorosdesantander.com\/fr\/","name":"Plaza Toros Santander","description":"P\u00e1gina oficial Plaza de Toros Santander","potentialAction":[{"@type":"SearchAction","target":{"@type":"EntryPoint","urlTemplate":"https:\/\/plazadetorosdesantander.com\/fr\/?s={search_term_string}"},"query-input":{"@type":"PropertyValueSpecification","valueRequired":true,"valueName":"search_term_string"}}],"inLanguage":"fr-FR"},{"@type":"Person","@id":"https:\/\/plazadetorosdesantander.com\/fr\/#\/schema\/person\/6fb84d97b8d6f373cd1da4ba7192f0c5","name":"Javier","image":{"@type":"ImageObject","inLanguage":"fr-FR","@id":"https:\/\/plazadetorosdesantander.com\/wp-content\/litespeed\/avatar\/784dc806a7d23845afc4e9cc8c15fe87.jpg?ver=1776882754","url":"https:\/\/plazadetorosdesantander.com\/wp-content\/litespeed\/avatar\/784dc806a7d23845afc4e9cc8c15fe87.jpg?ver=1776882754","contentUrl":"https:\/\/plazadetorosdesantander.com\/wp-content\/litespeed\/avatar\/784dc806a7d23845afc4e9cc8c15fe87.jpg?ver=1776882754","caption":"Javier"},"url":"https:\/\/plazadetorosdesantander.com\/fr\/author\/javier\/"}]}},"_links":{"self":[{"href":"https:\/\/plazadetorosdesantander.com\/fr\/wp-json\/wp\/v2\/posts\/562","targetHints":{"allow":["GET"]}}],"collection":[{"href":"https:\/\/plazadetorosdesantander.com\/fr\/wp-json\/wp\/v2\/posts"}],"about":[{"href":"https:\/\/plazadetorosdesantander.com\/fr\/wp-json\/wp\/v2\/types\/post"}],"author":[{"embeddable":true,"href":"https:\/\/plazadetorosdesantander.com\/fr\/wp-json\/wp\/v2\/users\/2"}],"replies":[{"embeddable":true,"href":"https:\/\/plazadetorosdesantander.com\/fr\/wp-json\/wp\/v2\/comments?post=562"}],"version-history":[{"count":3,"href":"https:\/\/plazadetorosdesantander.com\/fr\/wp-json\/wp\/v2\/posts\/562\/revisions"}],"predecessor-version":[{"id":571,"href":"https:\/\/plazadetorosdesantander.com\/fr\/wp-json\/wp\/v2\/posts\/562\/revisions\/571"}],"wp:featuredmedia":[{"embeddable":true,"href":"https:\/\/plazadetorosdesantander.com\/fr\/wp-json\/wp\/v2\/media\/544"}],"wp:attachment":[{"href":"https:\/\/plazadetorosdesantander.com\/fr\/wp-json\/wp\/v2\/media?parent=562"}],"wp:term":[{"taxonomy":"category","embeddable":true,"href":"https:\/\/plazadetorosdesantander.com\/fr\/wp-json\/wp\/v2\/categories?post=562"},{"taxonomy":"post_tag","embeddable":true,"href":"https:\/\/plazadetorosdesantander.com\/fr\/wp-json\/wp\/v2\/tags?post=562"}],"curies":[{"name":"wp","href":"https:\/\/api.w.org\/{rel}","templated":true}]}}